{"id":4868,"date":"2025-06-15T18:11:39","date_gmt":"2025-06-15T16:11:39","guid":{"rendered":"https:\/\/agencyx.bplaced.net\/mhneo22\/?p=4868"},"modified":"2025-06-15T18:11:40","modified_gmt":"2025-06-15T16:11:40","slug":"neues-aus-europa-aktuelle-diskussionen","status":"publish","type":"post","link":"https:\/\/agencyx.bplaced.net\/mhneo22\/2025\/06\/15\/neues-aus-europa-aktuelle-diskussionen\/","title":{"rendered":"Neues aus Europa \u2013 Aktuelle Diskussionen"},"content":{"rendered":"\n<p>Europa befindet sich in einer Phase bedeutender politischer, wirtschaftlicher und gesellschaftlicher Entwicklungen. Von Fragen der EU-Erweiterung \u00fcber wirtschaftliche Herausforderungen bis hin zu Umwelt- und Fl\u00fcchtlingspolitik \u2013 die Debatten innerhalb der Europ\u00e4ischen Union sind vielf\u00e4ltig und betreffen Millionen von Menschen. In diesem Artikel werfen wir einen Blick auf einige der wichtigsten Diskussionen, die derzeit in Europa gef\u00fchrt werden.<\/p>\n\n\n\n<h2 class=\"wp-block-heading\">EU-Erweiterung \u2013 Neue Mitglieder in Sicht?<\/h2>\n\n\n\n<p>Die m\u00f6gliche Erweiterung der Europ\u00e4ischen Union ist ein hei\u00df diskutiertes Thema. Besonders die Beitrittsgespr\u00e4che mit der <strong>Ukraine und Moldau<\/strong> sorgen f\u00fcr kontroverse Meinungen. Einerseits wird eine st\u00e4rkere Einbindung dieser Staaten als ein Signal f\u00fcr die europ\u00e4ische Solidarit\u00e4t gewertet, andererseits bestehen Bedenken hinsichtlich wirtschaftlicher und politischer Stabilit\u00e4t. Kritiker weisen darauf hin, dass bestehende Mitgliedstaaten bereits mit internen Herausforderungen k\u00e4mpfen und ein schneller Beitritt neuer Staaten Probleme mit sich bringen k\u00f6nnte.<\/p>\n\n\n\n<h2 class=\"wp-block-heading\">Wirtschaftliche Herausforderungen \u2013 Kampf gegen Inflation<\/h2>\n\n\n\n<p>Die europ\u00e4ische Wirtschaft hat in den letzten Jahren erhebliche Turbulenzen erlebt, insbesondere durch die steigende Inflation und wirtschaftliche Unsicherheiten. Die <strong>Europ\u00e4ische Zentralbank (EZB)<\/strong> hat erneut die Zinsen gesenkt, um die Inflation zu kontrollieren und die Kaufkraft der Bev\u00f6lkerung zu stabilisieren. Die Auswirkungen dieser Entscheidung sind jedoch umstritten. W\u00e4hrend einige Experten hoffen, dass niedrigere Zinsen die Konjunktur ankurbeln, bef\u00fcrchten andere, dass dies langfristig zu wirtschaftlichen Ungleichgewichten f\u00fchren k\u00f6nnte.<\/p>\n\n\n\n<h2 class=\"wp-block-heading\">Fl\u00fcchtlingspolitik \u2013 Gerechtere Verteilung gefordert<\/h2>\n\n\n\n<p>Die Asyl- und Fl\u00fcchtlingspolitik bleibt eines der dr\u00e4ngendsten Themen innerhalb der Europ\u00e4ischen Union. Insbesondere die Frage der <strong>Fl\u00fcchtlingsverteilung<\/strong> zwischen den Mitgliedstaaten sorgt f\u00fcr Diskussionen. L\u00e4nder wie Deutschland und Frankreich setzen sich f\u00fcr eine gerechtere Umverteilung ein, w\u00e4hrend andere Staaten z\u00f6gern, gr\u00f6\u00dfere Kontingente aufzunehmen. Hinzu kommt die Debatte \u00fcber <strong>schnellere Asylverfahren<\/strong>, um Antr\u00e4ge effizienter zu bearbeiten und Gefl\u00fcchteten schneller eine Perspektive zu bieten. Die Uneinigkeit innerhalb der EU zeigt, dass eine gemeinsame L\u00f6sung noch in weiter Ferne liegt.<\/p>\n\n\n\n<h2 class=\"wp-block-heading\">Umwelt- und Verbraucherschutz \u2013 Neue Standards f\u00fcr Nachhaltigkeit<\/h2>\n\n\n\n<p>Die Europ\u00e4ische Union arbeitet intensiv daran, Umweltstandards zu verbessern und nachhaltige Ma\u00dfnahmen zu f\u00f6rdern. Ein neues EU-Abkommen soll die <strong>Umweltfreundlichkeit von Reinigungsmitteln<\/strong> steigern, indem strenge Vorschriften f\u00fcr Inhaltsstoffe und Produktionsprozesse eingef\u00fchrt werden. Dieser Schritt ist Teil eines umfassenderen Plans zur Reduzierung von sch\u00e4dlichen Chemikalien in allt\u00e4glichen Produkten. Die Initiative wird von Umweltsch\u00fctzern begr\u00fc\u00dft, w\u00e4hrend die Industrie Anpassungen und Kostensteigerungen bef\u00fcrchtet.<\/p>\n\n\n\n<h2 class=\"wp-block-heading\">Jugend und Zukunft Europas \u2013 Junge Menschen mischen mit<\/h2>\n\n\n\n<p>Die europ\u00e4ische Jugend spielt eine zunehmend aktive Rolle in politischen und gesellschaftlichen Diskussionen. K\u00fcrzlich trafen sich tausende junge Menschen in Stra\u00dfburg, um \u00fcber Themen wie <strong>Klimagerechtigkeit, Medienfreiheit und Zukunftsperspektiven<\/strong> zu diskutieren. Diese Veranstaltungen zeigen, dass die junge Generation klare Forderungen an die Politik stellt und sich aktiv f\u00fcr Ver\u00e4nderungen einsetzt. Die Frage bleibt jedoch, inwieweit ihre Stimmen tats\u00e4chlich in die Entscheidungsprozesse einflie\u00dfen.<\/p>\n\n\n\n<h2 class=\"wp-block-heading\">Fazit<\/h2>\n\n\n\n<p>Europa steht vor gro\u00dfen Herausforderungen, die die Zukunft des Kontinents ma\u00dfgeblich beeinflussen werden. Ob EU-Erweiterung, Wirtschaftsma\u00dfnahmen, Fl\u00fcchtlingspolitik oder Umweltfragen \u2013 die Diskussionen zeigen, dass die Europ\u00e4ische Union st\u00e4ndig daran arbeitet, L\u00f6sungen f\u00fcr aktuelle Probleme zu finden. Die kommenden Monate d\u00fcrften entscheidend sein, um zu sehen, welche Ma\u00dfnahmen ergriffen werden und wie sich die politische Landschaft entwickelt<\/p>\n","protected":false},"excerpt":{"rendered":"<p>Europa befindet sich in einer Phase bedeutender politischer, wirtschaftlicher und gesellschaftlicher Entwicklungen. Von Fragen der EU-Erweiterung \u00fcber wirtschaftliche Herausforderungen bis hin zu Umwelt- und Fl\u00fcchtlingspolitik \u2013 die Debatten innerhalb der Europ\u00e4ischen Union sind vielf\u00e4ltig und betreffen Millionen von Menschen. In diesem Artikel werfen wir einen Blick auf einige der wichtigsten Diskussionen, die derzeit in Europa gef\u00fchrt werden. EU-Erweiterung \u2013 Neue Mitglieder in Sicht? Die m\u00f6gliche Erweiterung der Europ\u00e4ischen Union ist ein hei\u00df diskutiertes Thema. Besonders die Beitrittsgespr\u00e4che mit der Ukraine und Moldau sorgen f\u00fcr kontroverse Meinungen. Einerseits wird eine st\u00e4rkere Einbindung dieser Staaten als ein Signal f\u00fcr die europ\u00e4ische Solidarit\u00e4t<\/p>\n","protected":false},"author":1,"featured_media":4869,"comment_status":"open","ping_status":"open","sticky":false,"template":"","format":"standard","meta":{"footnotes":""},"categories":[14],"tags":[],"class_list":["post-4868","post","type-post","status-publish","format-standard","has-post-thumbnail","hentry","category-europa"],"_links":{"self":[{"href":"https:\/\/agencyx.bplaced.net\/mhneo22\/wp-json\/wp\/v2\/posts\/4868","targetHints":{"allow":["GET"]}}],"collection":[{"href":"https:\/\/agencyx.bplaced.net\/mhneo22\/wp-json\/wp\/v2\/posts"}],"about":[{"href":"https:\/\/agencyx.bplaced.net\/mhneo22\/wp-json\/wp\/v2\/types\/post"}],"author":[{"embeddable":true,"href":"https:\/\/agencyx.bplaced.net\/mhneo22\/wp-json\/wp\/v2\/users\/1"}],"replies":[{"embeddable":true,"href":"https:\/\/agencyx.bplaced.net\/mhneo22\/wp-json\/wp\/v2\/comments?post=4868"}],"version-history":[{"count":1,"href":"https:\/\/agencyx.bplaced.net\/mhneo22\/wp-json\/wp\/v2\/posts\/4868\/revisions"}],"predecessor-version":[{"id":4870,"href":"https:\/\/agencyx.bplaced.net\/mhneo22\/wp-json\/wp\/v2\/posts\/4868\/revisions\/4870"}],"wp:featuredmedia":[{"embeddable":true,"href":"https:\/\/agencyx.bplaced.net\/mhneo22\/wp-json\/wp\/v2\/media\/4869"}],"wp:attachment":[{"href":"https:\/\/agencyx.bplaced.net\/mhneo22\/wp-json\/wp\/v2\/media?parent=4868"}],"wp:term":[{"taxonomy":"category","embeddable":true,"href":"https:\/\/agencyx.bplaced.net\/mhneo22\/wp-json\/wp\/v2\/categories?post=4868"},{"taxonomy":"post_tag","embeddable":true,"href":"https:\/\/agencyx.bplaced.net\/mhneo22\/wp-json\/wp\/v2\/tags?post=4868"}],"curies":[{"name":"wp","href":"https:\/\/api.w.org\/{rel}","templated":true}]}}