{"id":4851,"date":"2025-06-15T12:00:44","date_gmt":"2025-06-15T10:00:44","guid":{"rendered":"https:\/\/agencyx.bplaced.net\/mhneo22\/?p=4851"},"modified":"2025-06-15T07:27:48","modified_gmt":"2025-06-15T05:27:48","slug":"g7-gipfel-in-kanada-2025-ein-treffen-der-globalen-entscheidungstraeger","status":"publish","type":"post","link":"https:\/\/agencyx.bplaced.net\/mhneo22\/2025\/06\/15\/g7-gipfel-in-kanada-2025-ein-treffen-der-globalen-entscheidungstraeger\/","title":{"rendered":"G7-Gipfel in Kanada 2025 \u2013 Ein Treffen der globalen Entscheidungstr\u00e4ger"},"content":{"rendered":"\n<p>Vom <strong>15. bis 17. Juni 2025<\/strong> findet der <strong>G7-Gipfel<\/strong> in <strong>Kananaskis, Alberta, Kanada<\/strong> statt. Dieses Treffen bringt die f\u00fchrenden Industrienationen zusammen, um \u00fcber dr\u00e4ngende globale Herausforderungen zu diskutieren. Doch was genau ist die G7, wer nimmt teil, welche Themen stehen auf der Agenda, und was wird von diesem Gipfel erwartet?<\/p>\n\n\n\n<h3 class=\"wp-block-heading\">Was ist die G7?<\/h3>\n\n\n\n<p>Die <strong>Gruppe der Sieben (G7)<\/strong> ist ein informelles Forum der sieben f\u00fchrenden Industrienationen und Demokratien. Sie wurde <strong>1975<\/strong> gegr\u00fcndet und dient als Plattform f\u00fcr die Staats- und Regierungschefs, um wirtschaftliche, politische und sicherheitspolitische Themen zu besprechen. Die Mitglieder der G7 sind:<\/p>\n\n\n\n<ul class=\"wp-block-list\">\n<li><strong>Deutschland<\/strong><\/li>\n\n\n\n<li><strong>Frankreich<\/strong><\/li>\n\n\n\n<li><strong>Italien<\/strong><\/li>\n\n\n\n<li><strong>Japan<\/strong><\/li>\n\n\n\n<li><strong>Kanada<\/strong> (Gastgeber des diesj\u00e4hrigen Gipfels)<\/li>\n\n\n\n<li><strong>Vereinigtes K\u00f6nigreich<\/strong><\/li>\n\n\n\n<li><strong>Vereinigte Staaten<\/strong><\/li>\n\n\n\n<li><strong>Europ\u00e4ische Union<\/strong> (als Beobachter vertreten)<\/li>\n<\/ul>\n\n\n\n<p>Die G7 ist keine internationale Organisation mit festen Strukturen, sondern ein informelles Forum, das j\u00e4hrlich tagt und gemeinsame Positionen zu globalen Herausforderungen abstimmt.<\/p>\n\n\n\n<h3 class=\"wp-block-heading\">Wer nimmt am G7-Gipfel in Kanada teil?<\/h3>\n\n\n\n<p>Neben den <strong>Staats- und Regierungschefs der G7<\/strong> sind auch <strong>Gastl\u00e4nder<\/strong> eingeladen. In diesem Jahr nehmen unter anderem folgende G\u00e4ste teil:<\/p>\n\n\n\n<ul class=\"wp-block-list\">\n<li><strong>Mexiko<\/strong> (Pr\u00e4sidentin Claudia Sheinbaum)<\/li>\n\n\n\n<li><strong>Indien<\/strong> (Premierminister Narendra Modi)<\/li>\n\n\n\n<li><strong>S\u00fcdafrika<\/strong> (Pr\u00e4sident Cyril Ramaphosa)<\/li>\n\n\n\n<li><strong>S\u00fcdkorea<\/strong> (Pr\u00e4sident Lee Jae-myung)<\/li>\n\n\n\n<li><strong>Ukraine<\/strong> (Pr\u00e4sident Wolodymyr Selenskyj \u2013 Teilnahme noch ungewiss)<\/li>\n\n\n\n<li><strong>Vereinigte Arabische Emirate<\/strong> (Pr\u00e4sident Muhammad bin Zayid Al Nahyan)<\/li>\n<\/ul>\n\n\n\n<p>Diese L\u00e4nder wurden eingeladen, um ihre Perspektiven zu globalen Themen einzubringen und m\u00f6gliche Kooperationen zu besprechen.<\/p>\n\n\n\n<h3 class=\"wp-block-heading\">Welche Themen stehen auf der Agenda?<\/h3>\n\n\n\n<p>Die kanadische Pr\u00e4sidentschaft hat mehrere <strong>Schwerpunkte<\/strong> f\u00fcr den Gipfel festgelegt:<\/p>\n\n\n\n<ol class=\"wp-block-list\">\n<li><strong>Ukraine-Krieg<\/strong> \u2013 Unterst\u00fctzung f\u00fcr die Ukraine und Sanktionen gegen Russland.<\/li>\n\n\n\n<li><strong>Naher Osten<\/strong> \u2013 Diskussion \u00fcber die geopolitische Lage und m\u00f6gliche diplomatische L\u00f6sungen.<\/li>\n\n\n\n<li><strong>Weltwirtschaft<\/strong> \u2013 Ma\u00dfnahmen zur Stabilisierung der globalen M\u00e4rkte.<\/li>\n\n\n\n<li><strong>K\u00fcnstliche Intelligenz &amp; Digitalisierung<\/strong> \u2013 Chancen und Risiken neuer Technologien.<\/li>\n\n\n\n<li><strong>Klimawandel &amp; Waldbr\u00e4nde<\/strong> \u2013 Strategien zur Bek\u00e4mpfung von Umweltkatastrophen.<\/li>\n\n\n\n<li><strong>Handelspolitik &amp; Z\u00f6lle<\/strong> \u2013 Auswirkungen der US-Zollpolitik unter Pr\u00e4sident Trump.<\/li>\n<\/ol>\n\n\n\n<h3 class=\"wp-block-heading\">Was wird vom Gipfel erwartet?<\/h3>\n\n\n\n<p>Die Erwartungen an den G7-Gipfel sind <strong>ged\u00e4mpft<\/strong>, insbesondere wegen der unklaren Haltung der USA zu verschiedenen Themen. Es wird <strong>keine umfassende Abschlusserkl\u00e4rung<\/strong> geben, sondern nur einzelne Stellungnahmen zu spezifischen Themen. Besonders spannend wird die Interaktion zwischen den Staats- und Regierungschefs mit <strong>US-Pr\u00e4sident Donald Trump<\/strong>, dessen Positionen oft von den anderen G7-Mitgliedern abweichenaa.<\/p>\n\n\n\n<p>Ein Erfolg w\u00e4re es, wenn die G7 eine <strong>gemeinsame Linie<\/strong> zur Unterst\u00fctzung der Ukraine finden und Fortschritte bei Handels- und Klimafragen erzielen. Doch angesichts der politischen Spannungen bleibt abzuwarten, ob substanzielle Ergebnisse erzielt werden k\u00f6nnen.<\/p>\n\n\n\n<h3 class=\"wp-block-heading\">Fazit<\/h3>\n\n\n\n<p>Der <strong>G7-Gipfel in Kanada 2025<\/strong> ist ein bedeutendes Treffen, das die Weichen f\u00fcr internationale Politik stellt. W\u00e4hrend die Themen dr\u00e4ngend sind, bleibt die Frage offen, ob die G7 eine <strong>geschlossene und effektive Antwort<\/strong> auf die globalen Herausforderungen finden kann. Die kommenden Tage werden zeigen, ob die Staats- und Regierungschefs in Kananaskis zu konkreten Vereinbarungen gelangen oder ob politische Differenzen den Gipfel dominieren.<\/p>\n\n\n\n<p><\/p>\n","protected":false},"excerpt":{"rendered":"<p>Vom 15. bis 17. Juni 2025 findet der G7-Gipfel in Kananaskis, Alberta, Kanada statt. Dieses Treffen bringt die f\u00fchrenden Industrienationen zusammen, um \u00fcber dr\u00e4ngende globale Herausforderungen zu diskutieren. Doch was genau ist die G7, wer nimmt teil, welche Themen stehen auf der Agenda, und was wird von diesem Gipfel erwartet? Was ist die G7? Die Gruppe der Sieben (G7) ist ein informelles Forum der sieben f\u00fchrenden Industrienationen und Demokratien. Sie wurde 1975 gegr\u00fcndet und dient als Plattform f\u00fcr die Staats- und Regierungschefs, um wirtschaftliche, politische und sicherheitspolitische Themen zu besprechen. Die Mitglieder der G7 sind: Die G7 ist keine internationale<\/p>\n","protected":false},"author":1,"featured_media":4850,"comment_status":"open","ping_status":"open","sticky":false,"template":"","format":"standard","meta":{"footnotes":""},"categories":[22],"tags":[],"class_list":["post-4851","post","type-post","status-publish","format-standard","has-post-thumbnail","hentry","category-politik"],"_links":{"self":[{"href":"https:\/\/agencyx.bplaced.net\/mhneo22\/wp-json\/wp\/v2\/posts\/4851","targetHints":{"allow":["GET"]}}],"collection":[{"href":"https:\/\/agencyx.bplaced.net\/mhneo22\/wp-json\/wp\/v2\/posts"}],"about":[{"href":"https:\/\/agencyx.bplaced.net\/mhneo22\/wp-json\/wp\/v2\/types\/post"}],"author":[{"embeddable":true,"href":"https:\/\/agencyx.bplaced.net\/mhneo22\/wp-json\/wp\/v2\/users\/1"}],"replies":[{"embeddable":true,"href":"https:\/\/agencyx.bplaced.net\/mhneo22\/wp-json\/wp\/v2\/comments?post=4851"}],"version-history":[{"count":1,"href":"https:\/\/agencyx.bplaced.net\/mhneo22\/wp-json\/wp\/v2\/posts\/4851\/revisions"}],"predecessor-version":[{"id":4852,"href":"https:\/\/agencyx.bplaced.net\/mhneo22\/wp-json\/wp\/v2\/posts\/4851\/revisions\/4852"}],"wp:featuredmedia":[{"embeddable":true,"href":"https:\/\/agencyx.bplaced.net\/mhneo22\/wp-json\/wp\/v2\/media\/4850"}],"wp:attachment":[{"href":"https:\/\/agencyx.bplaced.net\/mhneo22\/wp-json\/wp\/v2\/media?parent=4851"}],"wp:term":[{"taxonomy":"category","embeddable":true,"href":"https:\/\/agencyx.bplaced.net\/mhneo22\/wp-json\/wp\/v2\/categories?post=4851"},{"taxonomy":"post_tag","embeddable":true,"href":"https:\/\/agencyx.bplaced.net\/mhneo22\/wp-json\/wp\/v2\/tags?post=4851"}],"curies":[{"name":"wp","href":"https:\/\/api.w.org\/{rel}","templated":true}]}}