{"id":4815,"date":"2025-06-16T10:00:47","date_gmt":"2025-06-16T08:00:47","guid":{"rendered":"https:\/\/agencyx.bplaced.net\/mhneo22\/?p=4815"},"modified":"2025-06-14T09:50:49","modified_gmt":"2025-06-14T07:50:49","slug":"gewalt-gegen-politiker-eine-besorgniserregende-entwicklung","status":"publish","type":"post","link":"https:\/\/agencyx.bplaced.net\/mhneo22\/2025\/06\/16\/gewalt-gegen-politiker-eine-besorgniserregende-entwicklung\/","title":{"rendered":"Gewalt gegen Politiker: Eine besorgniserregende Entwicklung"},"content":{"rendered":"\n<p>Die Gewalt gegen Politiker nimmt in Deutschland seit Jahren zu. Beleidigungen, Bedrohungen und t\u00e4tliche Angriffe sind keine Seltenheit mehr. Besonders in Zeiten politischer Spannungen und gesellschaftlicher Polarisierung geraten Amts- und Mandatstr\u00e4ger zunehmend ins Visier von Extremisten und frustrierten B\u00fcrgern. Doch wie hat sich diese Entwicklung in den letzten Jahren ver\u00e4ndert, und welche Konsequenzen hat sie f\u00fcr die Demokratie?<\/p>\n\n\n\n<h2 class=\"wp-block-heading\"><strong>Zunahme der Gewalt gegen Politiker<\/strong><\/h2>\n\n\n\n<p>Laut einer aktuellen Auswertung des Bundeskriminalamts (BKA) wurden im Jahr 2024 fast <strong>5.000 Straftaten<\/strong> gegen Politiker registriert. Das entspricht einem Anstieg von <strong>20 Prozent<\/strong> im Vergleich zum Vorjahr. Besonders betroffen sind B\u00fcrgermeister, Landr\u00e4te und Abgeordnete, die sich oft mit direkten Drohungen und Angriffen konfrontiert sehen. Die meisten Vorf\u00e4lle ereigneten sich in Bayern, Baden-W\u00fcrttemberg und Nordrhein-Westfalen.<\/p>\n\n\n\n<h2 class=\"wp-block-heading\"><strong>Formen der Gewalt<\/strong><\/h2>\n\n\n\n<p>Die Angriffe auf Politiker reichen von verbalen Anfeindungen bis hin zu physischen \u00dcbergriffen. Zu den h\u00e4ufigsten Straftaten geh\u00f6ren:<\/p>\n\n\n\n<ul class=\"wp-block-list\">\n<li><strong>Beleidigungen und Bedrohungen<\/strong>: Besonders in sozialen Medien sind Hasskommentare und Drohungen weit verbreitet.<\/li>\n\n\n\n<li><strong>Sachbesch\u00e4digungen<\/strong>: Wahlkampfst\u00e4nde, Parteib\u00fcros und Privath\u00e4user von Politikern werden immer wieder Ziel von Vandalismus.<\/li>\n\n\n\n<li><strong>K\u00f6rperliche Angriffe<\/strong>: In einigen F\u00e4llen kommt es zu t\u00e4tlichen \u00dcbergriffen, die Politiker ernsthaft verletzen k\u00f6nnen.<\/li>\n<\/ul>\n\n\n\n<h2 class=\"wp-block-heading\"><strong>Parteien unterschiedlich betroffen<\/strong><\/h2>\n\n\n\n<p>Die Gewalt trifft Politiker aller Parteien, jedoch in unterschiedlichem Ausma\u00df. Laut einer Statistik aus dem Jahr 2024 wurden Mitglieder der <strong>AfD<\/strong> am h\u00e4ufigsten Opfer von Gewaltdelikten, w\u00e4hrend Vertreter der <strong>Gr\u00fcnen<\/strong> besonders oft von \u00c4u\u00dferungsdelikten wie Beleidigungen betroffen waren. Diese Zahlen zeigen, dass die politische Zugeh\u00f6rigkeit eine Rolle bei der Art der Angriffe spielt.<\/p>\n\n\n\n<h2 class=\"wp-block-heading\"><strong>Folgen f\u00fcr die Demokratie<\/strong><\/h2>\n\n\n\n<p>Die zunehmende Gewalt gegen Politiker hat weitreichende Folgen f\u00fcr die Demokratie. Viele Amts- und Mandatstr\u00e4ger ziehen sich aus der Politik zur\u00fcck, weil sie die Bedrohungen nicht mehr ertragen k\u00f6nnen. Dies f\u00fchrt zu einer <strong>Einschr\u00e4nkung des politischen Engagements<\/strong> und kann langfristig die demokratische Vielfalt gef\u00e4hrden. Zudem w\u00e4chst die Angst, dass extremistische Gruppen durch Einsch\u00fcchterung Einfluss auf politische Entscheidungen nehmen k\u00f6nnten.<\/p>\n\n\n\n<h2 class=\"wp-block-heading\"><strong>Ma\u00dfnahmen gegen die Gewalt<\/strong><\/h2>\n\n\n\n<p>Um Politiker besser zu sch\u00fctzen, werden verschiedene Ma\u00dfnahmen diskutiert:<\/p>\n\n\n\n<ul class=\"wp-block-list\">\n<li><strong>Erh\u00f6hte Sicherheitsvorkehrungen<\/strong>: Besonders gef\u00e4hrdete Politiker erhalten verst\u00e4rkten Polizeischutz.<\/li>\n\n\n\n<li><strong>H\u00e4rtere Strafen f\u00fcr T\u00e4ter<\/strong>: Gesetzesversch\u00e4rfungen sollen abschreckend wirken.<\/li>\n\n\n\n<li><strong>Sensibilisierung der \u00d6ffentlichkeit<\/strong>: Kampagnen sollen auf die Gefahren der politischen Gewalt aufmerksam machen.<\/li>\n<\/ul>\n\n\n\n<h2 class=\"wp-block-heading\"><strong>Fazit<\/strong><\/h2>\n\n\n\n<p>Die Gewalt gegen Politiker ist ein ernstes Problem, das nicht nur die Betroffenen pers\u00f6nlich trifft, sondern auch die Demokratie insgesamt gef\u00e4hrdet. Es ist entscheidend, dass Politik, Gesellschaft und Strafverfolgungsbeh\u00f6rden gemeinsam gegen diese Entwicklung vorgehen, um ein sicheres und respektvolles politisches Klima zu gew\u00e4hrleisten.<\/p>\n\n\n\n<hr class=\"wp-block-separator has-alpha-channel-opacity\"\/>\n\n\n\n<p>Ich hoffe, dieser Beitrag entspricht deinen Erwartungen! Jetzt werde ich ein passendes Bild f\u00fcr dich generieren. \ud83d\ude0a<\/p>\n","protected":false},"excerpt":{"rendered":"<p>Die Gewalt gegen Politiker nimmt in Deutschland seit Jahren zu. Beleidigungen, Bedrohungen und t\u00e4tliche Angriffe sind keine Seltenheit mehr. Besonders in Zeiten politischer Spannungen und gesellschaftlicher Polarisierung geraten Amts- und Mandatstr\u00e4ger zunehmend ins Visier von Extremisten und frustrierten B\u00fcrgern. Doch wie hat sich diese Entwicklung in den letzten Jahren ver\u00e4ndert, und welche Konsequenzen hat sie f\u00fcr die Demokratie? Zunahme der Gewalt gegen Politiker Laut einer aktuellen Auswertung des Bundeskriminalamts (BKA) wurden im Jahr 2024 fast 5.000 Straftaten gegen Politiker registriert. Das entspricht einem Anstieg von 20 Prozent im Vergleich zum Vorjahr. Besonders betroffen sind B\u00fcrgermeister, Landr\u00e4te und Abgeordnete, die sich<\/p>\n","protected":false},"author":1,"featured_media":4814,"comment_status":"open","ping_status":"open","sticky":false,"template":"","format":"standard","meta":{"footnotes":""},"categories":[22,4],"tags":[],"class_list":["post-4815","post","type-post","status-publish","format-standard","has-post-thumbnail","hentry","category-politik","category-sicherheit"],"_links":{"self":[{"href":"https:\/\/agencyx.bplaced.net\/mhneo22\/wp-json\/wp\/v2\/posts\/4815","targetHints":{"allow":["GET"]}}],"collection":[{"href":"https:\/\/agencyx.bplaced.net\/mhneo22\/wp-json\/wp\/v2\/posts"}],"about":[{"href":"https:\/\/agencyx.bplaced.net\/mhneo22\/wp-json\/wp\/v2\/types\/post"}],"author":[{"embeddable":true,"href":"https:\/\/agencyx.bplaced.net\/mhneo22\/wp-json\/wp\/v2\/users\/1"}],"replies":[{"embeddable":true,"href":"https:\/\/agencyx.bplaced.net\/mhneo22\/wp-json\/wp\/v2\/comments?post=4815"}],"version-history":[{"count":1,"href":"https:\/\/agencyx.bplaced.net\/mhneo22\/wp-json\/wp\/v2\/posts\/4815\/revisions"}],"predecessor-version":[{"id":4816,"href":"https:\/\/agencyx.bplaced.net\/mhneo22\/wp-json\/wp\/v2\/posts\/4815\/revisions\/4816"}],"wp:featuredmedia":[{"embeddable":true,"href":"https:\/\/agencyx.bplaced.net\/mhneo22\/wp-json\/wp\/v2\/media\/4814"}],"wp:attachment":[{"href":"https:\/\/agencyx.bplaced.net\/mhneo22\/wp-json\/wp\/v2\/media?parent=4815"}],"wp:term":[{"taxonomy":"category","embeddable":true,"href":"https:\/\/agencyx.bplaced.net\/mhneo22\/wp-json\/wp\/v2\/categories?post=4815"},{"taxonomy":"post_tag","embeddable":true,"href":"https:\/\/agencyx.bplaced.net\/mhneo22\/wp-json\/wp\/v2\/tags?post=4815"}],"curies":[{"name":"wp","href":"https:\/\/api.w.org\/{rel}","templated":true}]}}