{"id":4584,"date":"2025-05-24T10:00:39","date_gmt":"2025-05-24T08:00:39","guid":{"rendered":"https:\/\/agencyx.bplaced.net\/mhneo22\/?p=4584"},"modified":"2025-05-18T10:19:41","modified_gmt":"2025-05-18T08:19:41","slug":"der-neue-unterstuetzungsbereich-der-bundeswehr-ausruestung-organisation","status":"publish","type":"post","link":"https:\/\/agencyx.bplaced.net\/mhneo22\/2025\/05\/24\/der-neue-unterstuetzungsbereich-der-bundeswehr-ausruestung-organisation\/","title":{"rendered":"Der neue Unterst\u00fctzungsbereich der Bundeswehr &#8211; Ausr\u00fcstung &amp; Organisation"},"content":{"rendered":"\n<figure class=\"wp-block-image size-large\"><img loading=\"lazy\" decoding=\"async\" width=\"225\" height=\"60\" src=\"https:\/\/agencyx.bplaced.net\/mhneo22\/wp-content\/uploads\/2025\/01\/ki-information_20250104_192532_00007216048001557528935.png\" alt=\"\" class=\"wp-image-3155\"\/><\/figure>\n\n\n\n<p>Am 29. April 2025 wurde der neue Unterst\u00fctzungsbereich der Bundeswehr offiziell in Dienst gestellt. Diese bedeutende Umstrukturierung zielt darauf ab, die Effizienz und Koordination innerhalb der Bundeswehr zu verbessern. In diesem Artikel werfen wir einen detaillierten Blick auf die Organisation und Ausr\u00fcstung dieses neuen Bereichs sowie auf seine verschiedenen Aufgaben und Herausforderungen.<\/p>\n\n\n\n<h2 class=\"wp-block-heading\">Einf\u00fchrung in den Unterst\u00fctzungsbereich<\/h2>\n\n\n\n<p>Der Unterst\u00fctzungsbereich umfasst eine Vielzahl von Kr\u00e4ften, die f\u00fcr die Unterst\u00fctzung der vier Teilstreitkr\u00e4fte der Bundeswehr unerl\u00e4sslich sind. Dazu geh\u00f6ren die Sanit\u00e4tskr\u00e4fte, Logistik, Feldj\u00e4ger, ABC-Abwehr, zivil-milit\u00e4rische Zusammenarbeit, das Planungsamt der Bundeswehr und das Streitkr\u00e4fteamt. Diese Kr\u00e4fte arbeiten zusammen, um die Einsatzbereitschaft und Effektivit\u00e4t der Bundeswehr zu gew\u00e4hrleisten.<\/p>\n\n\n\n<h2 class=\"wp-block-heading\">Organisation des Unterst\u00fctzungsbereichs<\/h2>\n\n\n\n<p>Mit rund 55.000 aktiven Soldatinnen und Soldaten sowie zivilen Mitarbeitenden ist der Unterst\u00fctzungsbereich der zweitgr\u00f6\u00dfte Organisationsbereich der Bundeswehr. Er wird durch das Unterst\u00fctzungskommando der Bundeswehr geleitet, das am 1. April 2025 in Bonn aufgestellt wurde. Dieses Kommando b\u00fcndelt alle Unterst\u00fctzungsleistungen in einer Hand und ist f\u00fcr die truppendienstliche F\u00fchrung sowie querschnittliche Aufgaben verantwortlich, darunter Planung, Infrastruktur und R\u00fcstung.<\/p>\n\n\n\n<h3 class=\"wp-block-heading\">F\u00fchrung und Struktur<\/h3>\n\n\n\n<p>Das Unterst\u00fctzungskommando umfasst mehrere Dienststellen, die direkt unterstellt sind. Dazu geh\u00f6ren:<\/p>\n\n\n\n<ul class=\"wp-block-list\">\n<li>Kommando Gesundheitsversorgung<\/li>\n\n\n\n<li>ABC Abwehrkommando<\/li>\n\n\n\n<li>Logistikkommando<\/li>\n\n\n\n<li>Kommando Feldj\u00e4ger<\/li>\n\n\n\n<li>Streitkr\u00e4fteamt<\/li>\n\n\n\n<li>Kommando Zivil-milit\u00e4rische Zusammenarbeit<\/li>\n\n\n\n<li>Multinationales Kommando<\/li>\n\n\n\n<li>Operative F\u00fchrung<\/li>\n\n\n\n<li>Planungsamt der Bundeswehr<\/li>\n\n\n\n<li>Bundesakademie f\u00fcr Sicherheitspolitik<\/li>\n<\/ul>\n\n\n\n<p>Der Stab des neuen Kommandos umfasst etwa 750 Soldatinnen und Soldaten, und der erste Befehlshaber ist Generalleutnant Gerald Funke. Die zentrale Aufgabe des Unterst\u00fctzungskommandos ist es, die Kommandos zu entlasten, damit sie sich auf ihre spezifischen Unterst\u00fctzungsauftr\u00e4ge konzentrieren k\u00f6nnen.<\/p>\n\n\n\n<h3 class=\"wp-block-heading\">Sanit\u00e4tsdienst und Gesundheitsversorgung<\/h3>\n\n\n\n<p>Eine der wichtigsten Aufgaben des Unterst\u00fctzungskommandos ist die Steuerung des Sanit\u00e4tsdienstes. Generaloberstabsarzt Dr. Ralf Hoffmann, der auch Befehlshaber des zentralen Sanit\u00e4tsdienstes ist, koordiniert die gesamte Gesundheitsversorgung der Bundeswehr. Dies schlie\u00dft die Planung und Durchf\u00fchrung rein sanit\u00e4tsdienstlicher Eins\u00e4tze ein, wie zuletzt bei der Erdbebenhilfe in der T\u00fcrkei im Jahr 2023.<\/p>\n\n\n\n<h3 class=\"wp-block-heading\">ABC-Abwehrkommando<\/h3>\n\n\n\n<p>Das ABC Abwehrkommando ist f\u00fcr die Erkennung und Bek\u00e4mpfung atomarer, biologischer und chemischer Kampfstoffe verantwortlich. Es entwickelt konzeptionelle Grundlagen f\u00fcr die ABC-Abwehr und bildet die daf\u00fcr ben\u00f6tigten Kr\u00e4fte aus. Dieses Kommando spielt auch eine zentrale Rolle bei der Initiative Framework Nations und koordiniert die Zusammenarbeit der ABC-Abwehrkr\u00e4fte aus NATO- und EU-Staaten.<\/p>\n\n\n\n<h3 class=\"wp-block-heading\">Logistikkommando<\/h3>\n\n\n\n<p>Das Logistikkommando der Bundeswehr, unter der Leitung von Generalmajor Jochen Deuer, sichert alle logistischen Prozesse der Bundeswehr. Es kooperiert eng mit dem Bundesamt f\u00fcr Ausr\u00fcstung und dem Bundesamt f\u00fcr Infrastruktur, Umweltschutz und Dienstleistungen. Zu den Hauptaufgaben geh\u00f6ren die Planung und Steuerung der Bundeswehrlogistik sowie die Bereitstellung mobiler Logistiktruppen.<\/p>\n\n\n\n<h3 class=\"wp-block-heading\">Kommando Feldj\u00e4ger<\/h3>\n\n\n\n<p>Das Kommando Feldj\u00e4ger ist die zentrale F\u00fchrungsinstanz f\u00fcr die Milit\u00e4rpolizei der Bundeswehr. Unter Brigadegeneral Sandro Wiesner wird die Ausbildung und Weiterentwicklung der Feldj\u00e4gerkr\u00e4fte koordiniert. Die Feldj\u00e4ger sind an 25 Standorten in Deutschland stationiert und spielen eine wichtige Rolle bei der Aufrechterhaltung der Ordnung und Sicherheit innerhalb der Bundeswehr.<\/p>\n\n\n\n<h3 class=\"wp-block-heading\">Streitkr\u00e4fteamt<\/h3>\n\n\n\n<p>Das Streitkr\u00e4fteamt ist verantwortlich f\u00fcr die Koordination \u00fcbergreifender Fachaufgaben in der Bundeswehr. Dazu geh\u00f6ren unter anderem Reservistenangelegenheiten, personelle Grundsatzfragen und die internationale Kooperation. Es f\u00fchrt insgesamt 105 Dienststellen und spielt eine wesentliche Rolle in der strategischen Planung der Bundeswehr.<\/p>\n\n\n\n<h3 class=\"wp-block-heading\">Multinationale Kommandostrukturen<\/h3>\n\n\n\n<p>Das multinationale Kommando operative F\u00fchrung in Ulm dient als strategisches Hauptquartier f\u00fcr EU-Eins\u00e4tze und st\u00e4rkt die Krisenreaktionsf\u00e4higkeit Europas. Es ist einzigartig in seiner doppelten Einbindung in EU- und NATO-Strukturen und erm\u00f6glicht eine effektive Zusammenarbeit zwischen den Mitgliedstaaten.<\/p>\n\n\n\n<h3 class=\"wp-block-heading\">Zivil-milit\u00e4rische Zusammenarbeit<\/h3>\n\n\n\n<p>Das Kommando zivil-milit\u00e4rische Zusammenarbeit in Nienburg analysiert die zivile Lage in Einsatzl\u00e4ndern und h\u00e4lt Kontakt zur Bev\u00f6lkerung sowie zu internationalen Organisationen. Diese Einheit spielt eine entscheidende Rolle bei der Integration ziviler und milit\u00e4rischer Ma\u00dfnahmen in Krisensituationen.<\/p>\n\n\n\n<h3 class=\"wp-block-heading\">Planungsamt der Bundeswehr<\/h3>\n\n\n\n<p>Das Planungsamt der Bundeswehr ist eine h\u00f6here Kommandobeh\u00f6rde, die den nicht ministeriellen Planungsprozess durchf\u00fchrt. Es stellt sicher, dass alle milit\u00e4rischen und zivilen Belange der Bundeswehr aus einer Hand geplant werden. Die enge Zusammenarbeit mit anderen Organisationsbereichen ist entscheidend f\u00fcr den Erfolg dieser Planungen.<\/p>\n\n\n\n<h3 class=\"wp-block-heading\">Bundesakademie f\u00fcr Sicherheitspolitik<\/h3>\n\n\n\n<p>Die Bundesakademie f\u00fcr Sicherheitspolitik vermittelt ein umfassendes Verst\u00e4ndnis f\u00fcr die sicherheitspolitischen Ziele Deutschlands. Sie bietet Weiterbildungen und Fachveranstaltungen an, um die Kenntnisse \u00fcber Sicherheitspolitik zu vertiefen und den \u00f6ffentlichen Diskurs zu f\u00f6rdern.<\/p>\n\n\n\n<h2 class=\"wp-block-heading\">Ausr\u00fcstung des Unterst\u00fctzungsbereichs<\/h2>\n\n\n\n<p>Der Unterst\u00fctzungsbereich der Bundeswehr verf\u00fcgt \u00fcber eine vielf\u00e4ltige Ausr\u00fcstung, die jedoch oft noch nicht in den erforderlichen St\u00fcckzahlen vorhanden ist. Dies betrifft insbesondere die Sanit\u00e4tskr\u00e4fte, die aktuell \u00fcber 109 schwere gesch\u00fctzte Sanit\u00e4tskraftfahrzeuge verf\u00fcgen, darunter 72 Boxer SAN und 37 Fuchsan.<\/p>\n\n\n\n<h3 class=\"wp-block-heading\">Bedarf und Beschaffung<\/h3>\n\n\n\n<p>F\u00fcr die Division 2025 werden jedoch 200 weitere schwere gesch\u00fctzte Sanit\u00e4tskraftfahrzeuge ben\u00f6tigt. Dar\u00fcber hinaus sind neue mittlere gesch\u00fctzte Sanit\u00e4tskraftfahrzeuge vom Typ Eagle 5 in Planung, wobei der Bedarf bei 356 Fahrzeugen liegt. Auch im Bereich der ungesch\u00fctzten Transporte gibt es einen strukturellen Bedarf von 800 Fahrzeugen.<\/p>\n\n\n\n<h3 class=\"wp-block-heading\">Logistikfahrzeuge<\/h3>\n\n\n\n<p>Die Logistikkr\u00e4fte der Bundeswehr ben\u00f6tigen ebenfalls eine Vielzahl von gesch\u00fctzten und ungesch\u00fctzten Transportfahrzeugen. Aktuell stehen 130 Elefant 2 Schwerlasttransporter zur Verf\u00fcgung, und der Gesamtbedarf liegt bei mindestens 1194 Transportfahrzeugen. Die Beschaffung von neuen Wechselladesystemen ist ebenfalls im Gange, um die Mobilit\u00e4t der Logistiktruppen zu erh\u00f6hen.<\/p>\n\n\n\n<h3 class=\"wp-block-heading\">Hauptwaffensysteme<\/h3>\n\n\n\n<p>Zu den nennenswerten Hauptwaffensystemen des Unterst\u00fctzungsbereichs geh\u00f6ren 73 Truppenentgiftungspl\u00e4tze und 90 f\u00fcr die ABC-Abwehrkr\u00e4fte. Der Bedarf an neuen gel\u00e4ndeg\u00e4ngigen leichten Lastkraftwagen wird auf bis zu 5800 Fahrzeuge gesch\u00e4tzt, die unter anderem bei den Feldj\u00e4gern zum Einsatz kommen sollen.<\/p>\n\n\n\n<h2 class=\"wp-block-heading\">Schlussfolgerung<\/h2>\n\n\n\n<p>Der neue Unterst\u00fctzungsbereich der Bundeswehr ist ein wichtiger Schritt zur Verbesserung der Effizienz und Koordination innerhalb der Streitkr\u00e4fte. Mit einer klaren Struktur und vielf\u00e4ltigen Aufgaben wird dieser Bereich eine zentrale Rolle bei der Unterst\u00fctzung der Bundeswehr spielen. Die Herausforderungen in Bezug auf die Ausr\u00fcstung und Integration der Unterst\u00fctzungskr\u00e4fte werden jedoch weiterhin bestehen bleiben. Es bleibt abzuwarten, ob die Reduzierung der milit\u00e4rischen Organisationsbereiche zu einer effektiveren Truppe f\u00fchrt.<\/p>\n\n\n\n<p>Wir hoffen, dass dieser Artikel Ihnen einen umfassenden \u00dcberblick \u00fcber den neuen Unterst\u00fctzungsbereich der Bundeswehr gegeben hat. Wenn Sie mehr \u00fcber die aktuellen Themen der Sicherheits- und Verteidigungspolitik erfahren m\u00f6chten, abonnieren Sie unseren Newsletter oder besuchen Sie unsere Website.<\/p>\n\n\n\n<p>Vielen Dank f\u00fcr Ihr Interesse!<\/p>\n","protected":false},"excerpt":{"rendered":"<p>Am 29. April 2025 wurde der neue Unterst\u00fctzungsbereich der Bundeswehr offiziell in Dienst gestellt. Diese bedeutende Umstrukturierung zielt darauf ab, die Effizienz und Koordination innerhalb der Bundeswehr zu verbessern. In diesem Artikel werfen wir einen detaillierten Blick auf die Organisation und Ausr\u00fcstung dieses neuen Bereichs sowie auf seine verschiedenen Aufgaben und Herausforderungen. Einf\u00fchrung in den Unterst\u00fctzungsbereich Der Unterst\u00fctzungsbereich umfasst eine Vielzahl von Kr\u00e4ften, die f\u00fcr die Unterst\u00fctzung der vier Teilstreitkr\u00e4fte der Bundeswehr unerl\u00e4sslich sind. Dazu geh\u00f6ren die Sanit\u00e4tskr\u00e4fte, Logistik, Feldj\u00e4ger, ABC-Abwehr, zivil-milit\u00e4rische Zusammenarbeit, das Planungsamt der Bundeswehr und das Streitkr\u00e4fteamt. Diese Kr\u00e4fte arbeiten zusammen, um die Einsatzbereitschaft und Effektivit\u00e4t der<\/p>\n","protected":false},"author":1,"featured_media":4586,"comment_status":"open","ping_status":"open","sticky":false,"template":"","format":"standard","meta":{"footnotes":""},"categories":[20],"tags":[],"class_list":["post-4584","post","type-post","status-publish","format-standard","has-post-thumbnail","hentry","category-militaer"],"_links":{"self":[{"href":"https:\/\/agencyx.bplaced.net\/mhneo22\/wp-json\/wp\/v2\/posts\/4584","targetHints":{"allow":["GET"]}}],"collection":[{"href":"https:\/\/agencyx.bplaced.net\/mhneo22\/wp-json\/wp\/v2\/posts"}],"about":[{"href":"https:\/\/agencyx.bplaced.net\/mhneo22\/wp-json\/wp\/v2\/types\/post"}],"author":[{"embeddable":true,"href":"https:\/\/agencyx.bplaced.net\/mhneo22\/wp-json\/wp\/v2\/users\/1"}],"replies":[{"embeddable":true,"href":"https:\/\/agencyx.bplaced.net\/mhneo22\/wp-json\/wp\/v2\/comments?post=4584"}],"version-history":[{"count":2,"href":"https:\/\/agencyx.bplaced.net\/mhneo22\/wp-json\/wp\/v2\/posts\/4584\/revisions"}],"predecessor-version":[{"id":4589,"href":"https:\/\/agencyx.bplaced.net\/mhneo22\/wp-json\/wp\/v2\/posts\/4584\/revisions\/4589"}],"wp:featuredmedia":[{"embeddable":true,"href":"https:\/\/agencyx.bplaced.net\/mhneo22\/wp-json\/wp\/v2\/media\/4586"}],"wp:attachment":[{"href":"https:\/\/agencyx.bplaced.net\/mhneo22\/wp-json\/wp\/v2\/media?parent=4584"}],"wp:term":[{"taxonomy":"category","embeddable":true,"href":"https:\/\/agencyx.bplaced.net\/mhneo22\/wp-json\/wp\/v2\/categories?post=4584"},{"taxonomy":"post_tag","embeddable":true,"href":"https:\/\/agencyx.bplaced.net\/mhneo22\/wp-json\/wp\/v2\/tags?post=4584"}],"curies":[{"name":"wp","href":"https:\/\/api.w.org\/{rel}","templated":true}]}}