{"id":4582,"date":"2025-05-23T10:00:27","date_gmt":"2025-05-23T08:00:27","guid":{"rendered":"https:\/\/agencyx.bplaced.net\/mhneo22\/?p=4582"},"modified":"2025-05-18T10:19:29","modified_gmt":"2025-05-18T08:19:29","slug":"so-treibt-spahn-die-regierung-nach-rechts","status":"publish","type":"post","link":"https:\/\/agencyx.bplaced.net\/mhneo22\/2025\/05\/23\/so-treibt-spahn-die-regierung-nach-rechts\/","title":{"rendered":"So treibt Spahn die Regierung nach rechts!"},"content":{"rendered":"\n<figure class=\"wp-block-image size-large\"><img loading=\"lazy\" decoding=\"async\" width=\"225\" height=\"60\" src=\"https:\/\/agencyx.bplaced.net\/mhneo22\/wp-content\/uploads\/2025\/01\/ki-information_20250104_192532_00007216048001557528935.png\" alt=\"\" class=\"wp-image-3155\"\/><\/figure>\n\n\n\n<p>In der j\u00fcngsten Regierungserkl\u00e4rung hat Jens Spahn, der Fraktionschef der CDU, seine Erwartungen an die neue Regierung in Bezug auf Haushalt, Wirtschaft, Migration und Klima dargelegt. Seine Rede offenbart nicht nur seine politischen Ambitionen, sondern auch die Herausforderungen, vor denen Deutschland und Europa stehen. In diesem Artikel analysieren wir die zentralen Themen seiner Ansprache und deren Bedeutung f\u00fcr die Zukunft der deutschen Politik.<\/p>\n\n\n\n<h2 class=\"wp-block-heading\">Einleitung<\/h2>\n\n\n\n<p>Jens Spahn ist ein zentraler Akteur in der deutschen Politik und hat in der Vergangenheit sowohl f\u00fcr seine politischen Entscheidungen als auch f\u00fcr seine umstrittenen Handlungen w\u00e4hrend seiner Amtszeit als Gesundheitsminister Aufmerksamkeit erregt. Seine j\u00fcngsten Aussagen im Bundestag werfen ein Licht auf die Richtung, in die die neue Regierung unter der F\u00fchrung von Friedrich Merz steuert. Angesichts der politischen Instabilit\u00e4t und der Herausforderungen, mit denen Deutschland konfrontiert ist, ist es wichtig, die Inhalte und die Implikationen von Spahns Rede zu verstehen.<\/p>\n\n\n\n<h2 class=\"wp-block-heading\">Die politische Lage in Deutschland<\/h2>\n\n\n\n<p>Nach zwei Jahren wirtschaftlicher Rezession und einer steigenden Zahl von Asylsuchenden ist die Stimmung in Deutschland angespannt. Spahn spricht von einem &#8220;Frust, Wut und Entt\u00e4uschung&#8221;, die in der Bev\u00f6lkerung weit verbreitet sind. Diese Emotionen sind nicht unbegr\u00fcndet, denn die politische Landschaft hat sich in den letzten Jahren erheblich ver\u00e4ndert. Die AfD hat an Einfluss gewonnen, und viele B\u00fcrger f\u00fchlen sich von der Politik nicht mehr vertreten.<\/p>\n\n\n\n<p>In diesem Kontext stellt sich die Frage: Wie hat die CDU, unter der F\u00fchrung von Jens Spahn, auf diese Entwicklungen reagiert? Spahn selbst hat in seiner Rede betont, dass die Regierung um Vertrauen k\u00e4mpfen muss. Doch wie glaubw\u00fcrdig sind diese Worte, wenn man die Skandale und die Vergangenheit des Politikers bedenkt?<\/p>\n\n\n\n<h3 class=\"wp-block-heading\">Die Skandale von Jens Spahn<\/h3>\n\n\n\n<p>Spahns politische Karriere ist nicht ohne Kontroversen. W\u00e4hrend seiner Zeit als Gesundheitsminister wurde er mit mehreren Skandalen in Verbindung gebracht. Die Vorw\u00fcrfe reichen von der Beschaffung teurer Masken bis hin zu fragw\u00fcrdigen Spendenaktionen. Diese Themen wurden in seiner Rede nicht angesprochen, was Fragen zur Glaubw\u00fcrdigkeit seiner Forderungen aufwirft.<\/p>\n\n\n\n<p>Ein Beispiel ist der Kauf von Masken zu \u00fcberh\u00f6hten Preisen von einem Schweizer Unternehmen, was zu einem Ermittlungsverfahren f\u00fchrte. Solche Vorf\u00e4lle werfen ein Schatten auf Spahns Appell an die Verantwortung und das Vertrauen in die Politik.<\/p>\n\n\n\n<h2 class=\"wp-block-heading\">Migration als zentrales Thema<\/h2>\n\n\n\n<p>Ein weiteres zentrales Thema in Spahns Rede war die Migration. Er forderte eine striktere Kontrolle an den Grenzen und sprach von der Notwendigkeit, Asylsuchende zur\u00fcckzuweisen. Dies steht im Widerspruch zu den europ\u00e4ischen Vertr\u00e4gen und wirft rechtliche sowie ethische Fragen auf.<\/p>\n\n\n\n<p>Spahn argumentiert, dass die illegale Migration der letzten zehn Jahre die politische Stabilit\u00e4t Deutschlands und Europas gef\u00e4hrde. Er sieht die Notwendigkeit eines Politikwechsels, um die Migrationsstr\u00f6me zu kontrollieren. Doch die Frage bleibt: Wie realistisch ist dieser Ansatz?<\/p>\n\n\n\n<h3 class=\"wp-block-heading\">Fakten zur Migration<\/h3>\n\n\n\n<p>Aktuelle Statistiken zeigen, dass die Zahl der Asylantr\u00e4ge in Deutschland seit April 2025 r\u00fcckl\u00e4ufig ist. Spahn scheint diese Tatsachen zu ignorieren, wenn er von einer Notlage spricht, die Ma\u00dfnahmen rechtfertigt, die gegen europ\u00e4isches Recht versto\u00dfen k\u00f6nnten. Dies wirft nicht nur Fragen zur Legalit\u00e4t, sondern auch zur Fairness und Menschlichkeit der Politik auf.<\/p>\n\n\n\n<h4 class=\"wp-block-heading\">Die Verantwortung der Kommunen<\/h4>\n\n\n\n<p>Spahn behauptet, dass die Kommunen \u00fcberlastet seien und nicht mit der Anzahl der Asylsuchenden umgehen k\u00f6nnten. Eine Umfrage zeigt jedoch, dass lediglich 23% der befragten Kommunen angeben, \u00fcberlastet zu sein. Die Mehrheit sieht die Situation als herausfordernd, aber bew\u00e4ltigbar an. Dies steht im Widerspruch zu Spahns Darstellung und verdeutlicht, dass die Probleme nicht so akut sind, wie er behauptet.<\/p>\n\n\n\n<h2 class=\"wp-block-heading\">Wirtschaftspolitik und ihre Herausforderungen<\/h2>\n\n\n\n<p>Ein weiteres zentrales Thema in Spahns Rede war die Wirtschaftspolitik. Er sprach von der Notwendigkeit, Deutschland als Industrienation zu erhalten und betonte die Bedeutung von Investitionen in die Infrastruktur. Doch die Frage bleibt, wie diese Investitionen ohne eine solide Haushaltspolitik realisiert werden k\u00f6nnen.<\/p>\n\n\n\n<h3 class=\"wp-block-heading\">Die Rolle der CDU in der Wirtschaftspolitik<\/h3>\n\n\n\n<p>Spahn kritisierte die Gr\u00fcnen und andere politische Akteure f\u00fcr die derzeitige wirtschaftliche Lage. Er sieht die Verantwortung f\u00fcr die Rezession und die verlorenen Arbeitspl\u00e4tze bei der vorherigen Regierung und stellt die Frage, ob die aktuelle Regierung in der Lage ist, die wirtschaftlichen Herausforderungen zu meistern.<\/p>\n\n\n\n<p>Es ist jedoch wichtig zu betonen, dass die wirtschaftlichen Probleme Deutschlands nicht allein auf die Gr\u00fcnen oder die Ampelkoalition zur\u00fcckzuf\u00fchren sind. Die CDU hat w\u00e4hrend ihrer Regierungszeit ebenfalls Entscheidungen getroffen, die zur aktuellen Lage beigetragen haben.<\/p>\n\n\n\n<h4 class=\"wp-block-heading\">Die Notwendigkeit f\u00fcr Reformen<\/h4>\n\n\n\n<p>Um die wirtschaftlichen Herausforderungen zu bew\u00e4ltigen, sind umfassende Reformen notwendig. Spahn spricht von einer marktwirtschaftlichen Industriepolitik, die auf Investitionen in Innovationen und Technologien abzielt. Doch ohne klare Strategien und Pl\u00e4ne bleibt dies nur ein Lippenbekenntnis.<\/p>\n\n\n\n<h2 class=\"wp-block-heading\">Vertrauen in die Politik zur\u00fcckgewinnen<\/h2>\n\n\n\n<p>Ein zentrales Anliegen von Spahn ist es, das Vertrauen der Bev\u00f6lkerung in die Politik zur\u00fcckzugewinnen. Er betont, dass dies nur durch harte Arbeit und verantwortungsvolle Entscheidungen m\u00f6glich ist. Doch wie kann Vertrauen wiederhergestellt werden, wenn die politische Landschaft von Skandalen und Kontroversen gepr\u00e4gt ist?<\/p>\n\n\n\n<h3 class=\"wp-block-heading\">Die Herausforderung der Glaubw\u00fcrdigkeit<\/h3>\n\n\n\n<p>Die Glaubw\u00fcrdigkeit der Regierung wird entscheidend davon abh\u00e4ngen, wie transparent und verantwortungsvoll sie mit den aktuellen Herausforderungen umgeht. Spahn selbst hat in der Vergangenheit Entscheidungen getroffen, die das Vertrauen der B\u00fcrger in die Politik ersch\u00fcttert haben. Daher wird es f\u00fcr ihn und die CDU eine gro\u00dfe Herausforderung sein, dieses Vertrauen zur\u00fcckzugewinnen.<\/p>\n\n\n\n<h4 class=\"wp-block-heading\">Die Rolle der Opposition<\/h4>\n\n\n\n<p>Die Opposition wird eine wichtige Rolle dabei spielen, die Regierung zur Rechenschaft zu ziehen. Es bleibt abzuwarten, wie die SPD und andere Parteien auf Spahns Forderungen reagieren werden. Ein konstruktiver Dialog k\u00f6nnte helfen, die politischen Differenzen zu \u00fcberwinden und gemeinsame L\u00f6sungen zu finden.<\/p>\n\n\n\n<h2 class=\"wp-block-heading\">Fazit<\/h2>\n\n\n\n<p>Jens Spahns Rede im Bundestag war ein wichtiger Schritt in Richtung einer neuen politischen Agenda. Er hat zentrale Themen angesprochen, die die Zukunft Deutschlands ma\u00dfgeblich beeinflussen werden. Doch die Umsetzung dieser Agenda wird mit zahlreichen Herausforderungen verbunden sein.<\/p>\n\n\n\n<p>Die Fragen zur Glaubw\u00fcrdigkeit, zur Migrationspolitik und zur Wirtschaftspolitik sind nur einige der Themen, die die politische Landschaft in Deutschland pr\u00e4gen werden. Es bleibt abzuwarten, ob die Regierung in der Lage ist, das Vertrauen der B\u00fcrger zur\u00fcckzugewinnen und die Herausforderungen der Zukunft zu meistern.<\/p>\n\n\n\n<p>Insgesamt zeigt Spahns Rede, dass ein Politikwechsel notwendig ist, um die Herausforderungen, vor denen Deutschland steht, zu bew\u00e4ltigen. Ob dieser Wechsel tats\u00e4chlich stattfinden wird, h\u00e4ngt von der F\u00e4higkeit der Regierung ab, Verantwortung zu \u00fcbernehmen und das Vertrauen der Bev\u00f6lkerung zur\u00fcckzugewinnen.<\/p>\n\n\n\n<p>Wir werden die Entwicklungen weiterhin verfolgen und analysieren, um die Auswirkungen dieser politischen Ver\u00e4nderungen auf die Gesellschaft und die Wirtschaft zu verstehen. Bleiben Sie dran und abonnieren Sie unseren Newsletter f\u00fcr weitere Analysen und Kommentare.<\/p>\n","protected":false},"excerpt":{"rendered":"<p>In der j\u00fcngsten Regierungserkl\u00e4rung hat Jens Spahn, der Fraktionschef der CDU, seine Erwartungen an die neue Regierung in Bezug auf Haushalt, Wirtschaft, Migration und Klima dargelegt. Seine Rede offenbart nicht nur seine politischen Ambitionen, sondern auch die Herausforderungen, vor denen Deutschland und Europa stehen. In diesem Artikel analysieren wir die zentralen Themen seiner Ansprache und deren Bedeutung f\u00fcr die Zukunft der deutschen Politik. Einleitung Jens Spahn ist ein zentraler Akteur in der deutschen Politik und hat in der Vergangenheit sowohl f\u00fcr seine politischen Entscheidungen als auch f\u00fcr seine umstrittenen Handlungen w\u00e4hrend seiner Amtszeit als Gesundheitsminister Aufmerksamkeit erregt. Seine j\u00fcngsten Aussagen<\/p>\n","protected":false},"author":1,"featured_media":4581,"comment_status":"open","ping_status":"open","sticky":false,"template":"","format":"standard","meta":{"footnotes":""},"categories":[843,22],"tags":[],"class_list":["post-4582","post","type-post","status-publish","format-standard","has-post-thumbnail","hentry","category-inland","category-politik"],"_links":{"self":[{"href":"https:\/\/agencyx.bplaced.net\/mhneo22\/wp-json\/wp\/v2\/posts\/4582","targetHints":{"allow":["GET"]}}],"collection":[{"href":"https:\/\/agencyx.bplaced.net\/mhneo22\/wp-json\/wp\/v2\/posts"}],"about":[{"href":"https:\/\/agencyx.bplaced.net\/mhneo22\/wp-json\/wp\/v2\/types\/post"}],"author":[{"embeddable":true,"href":"https:\/\/agencyx.bplaced.net\/mhneo22\/wp-json\/wp\/v2\/users\/1"}],"replies":[{"embeddable":true,"href":"https:\/\/agencyx.bplaced.net\/mhneo22\/wp-json\/wp\/v2\/comments?post=4582"}],"version-history":[{"count":1,"href":"https:\/\/agencyx.bplaced.net\/mhneo22\/wp-json\/wp\/v2\/posts\/4582\/revisions"}],"predecessor-version":[{"id":4583,"href":"https:\/\/agencyx.bplaced.net\/mhneo22\/wp-json\/wp\/v2\/posts\/4582\/revisions\/4583"}],"wp:featuredmedia":[{"embeddable":true,"href":"https:\/\/agencyx.bplaced.net\/mhneo22\/wp-json\/wp\/v2\/media\/4581"}],"wp:attachment":[{"href":"https:\/\/agencyx.bplaced.net\/mhneo22\/wp-json\/wp\/v2\/media?parent=4582"}],"wp:term":[{"taxonomy":"category","embeddable":true,"href":"https:\/\/agencyx.bplaced.net\/mhneo22\/wp-json\/wp\/v2\/categories?post=4582"},{"taxonomy":"post_tag","embeddable":true,"href":"https:\/\/agencyx.bplaced.net\/mhneo22\/wp-json\/wp\/v2\/tags?post=4582"}],"curies":[{"name":"wp","href":"https:\/\/api.w.org\/{rel}","templated":true}]}}