{"id":4471,"date":"2025-05-03T12:00:06","date_gmt":"2025-05-03T10:00:06","guid":{"rendered":"https:\/\/agencyx.bplaced.net\/mhneo22\/?p=4471"},"modified":"2025-05-01T06:53:08","modified_gmt":"2025-05-01T04:53:08","slug":"israels-krieg-im-libanon-kriegsverbrechen-ohne-aufklaerung","status":"publish","type":"post","link":"https:\/\/agencyx.bplaced.net\/mhneo22\/2025\/05\/03\/israels-krieg-im-libanon-kriegsverbrechen-ohne-aufklaerung\/","title":{"rendered":"Israels Krieg im Libanon: Kriegsverbrechen ohne Aufkl\u00e4rung?"},"content":{"rendered":"\n<p>Die Situation im Nahen Osten, insbesondere im Libanon und in Israel, ist von Komplexit\u00e4t und Tragik gepr\u00e4gt. In den letzten Jahren haben sich die Spannungen zwischen Israel und verschiedenen Gruppen im Libanon, darunter die Hisbollah, versch\u00e4rft. Ein besonders tragisches Ereignis war die Zerst\u00f6rung eines deutsch-libanesischen Begegnungszentrums im Libanon durch israelische Raketen, bei dem sechs Menschen ums Leben kamen. Diese Trag\u00f6die wirft Fragen auf, die bis heute unbeantwortet sind: Warum wurde das Zentrum angegriffen? War es ein gezielter Angriff auf Zivilisten, und wenn ja, welche rechtlichen Konsequenzen hat dies f\u00fcr die beteiligten Akteure?<\/p>\n\n\n\n<h2 class=\"wp-block-heading\">Der Angriff auf das Begegnungszentrum<\/h2>\n\n\n\n<p>Im Oktober vergangenen Jahres wurde das Begegnungszentrum &#8220;Dar As-Salam&#8221; im libanesischen Dorf Wardaniyeh durch israelische Raketenangriffe zerst\u00f6rt. Dieses Zentrum, das vor 30 Jahren von einem deutsch-libanesischen Paar gegr\u00fcndet wurde, war ein Ort der Begegnung und des Schutzes f\u00fcr Zivilisten, die vor den Konflikten in der Region fliehen wollten. Bei dem Angriff wurden sechs Menschen get\u00f6tet, darunter ein Lehrer und seine Frau sowie eine Mutter mit ihrem Sohn. Die Bewohner des Zentrums suchten dort Zuflucht, in der Hoffnung, in einem von Deutschen gef\u00fchrten Geb\u00e4ude Sicherheit zu finden.<\/p>\n\n\n\n<h2 class=\"wp-block-heading\">Die Suche nach Antworten<\/h2>\n\n\n\n<p>Nach dem Angriff machten sich Said Arnaout und seine Frau Latife Abdul Aziz auf die Reise von T\u00fcbingen in den Libanon, um Antworten zu finden. Sie waren tief betroffen von der Zerst\u00f6rung ihres Lebenswerks und den Verlusten, die viele Familien erlitten hatten. In einem emotionalen Moment beschreibt Said Arnaout, wie traurig es ist, an einen Ort zur\u00fcckzukehren, der einst voller Leben war und nun in Tr\u00fcmmern liegt. &#8220;Steine kann man wieder aufbauen, aber die Menschen, die get\u00f6tet wurden, kann man nicht wiederbeleben&#8221;, sagt er.<\/p>\n\n\n\n<h2 class=\"wp-block-heading\">Die unklare Verantwortung<\/h2>\n\n\n\n<p>Der israelischen Armee wurde die Verantwortung f\u00fcr den Angriff zugeschrieben, doch die Gr\u00fcnde f\u00fcr den gezielten Beschuss des Zentrums blieben unklar. In einem Gespr\u00e4ch mit der israelischen Armee wurde behauptet, dass ein Hisbollah-Kommandeur in der N\u00e4he get\u00f6tet worden sei. Die Namen der Toten wurden jedoch mit den Listen der angeblich get\u00f6teten Kommandeure abgeglichen, und es gab keine \u00dcbereinstimmung. Diese Diskrepanz wirft ernsthafte Fragen \u00fcber die Legitimit\u00e4t des Angriffs auf.<\/p>\n\n\n\n<h3 class=\"wp-block-heading\">Die Rolle der Bundesregierung<\/h3>\n\n\n\n<p>Die Bundesregierung \u00e4u\u00dferte sich nach dem Angriff emp\u00f6rt und forderte von Israel eine Aufkl\u00e4rung. Doch trotz wiederholter Anfragen blieb eine Antwort aus. Die Stille von Seiten der israelischen Regierung und der deutschen Bundesregierung l\u00e4sst viele Fragen offen: Warum wird die Aufkl\u00e4rung nicht ernsthaft verfolgt? Und warum wird die Verantwortung nicht \u00fcbernommen?<\/p>\n\n\n\n<h2 class=\"wp-block-heading\">Die Stimmen der \u00dcberlebenden<\/h2>\n\n\n\n<p>Die \u00dcberlebenden des Angriffs, wie Larissa und Naji, mussten den Verlust ihrer Eltern verarbeiten. Sie waren zum Zeitpunkt des Angriffs im Hof und blieben daher unversehrt. Doch der Verlust ihrer Eltern, des Lehrers Ali Chalhoub und seiner Frau Siham, hinterl\u00e4sst eine tiefe Wunde. Mahmoud Zaidan, der im Auto unterwegs war, als er die Nachricht vom Tod seiner Frau und seines Sohnes erhielt, beschreibt die Trag\u00f6die: &#8220;Sie glaubten, hier sicher zu sein, gerade hier, bei den Deutschen.&#8221; Die Tragik wird durch die Entdeckung eines Geldbeutels verst\u00e4rkt, der in den Tr\u00fcmmern gefunden wurde und einst dem Sohn von Mahmoud geh\u00f6rte. Diese pers\u00f6nlichen Gegenst\u00e4nde sind nicht nur Erinnerungen, sondern auch Symbole f\u00fcr die unermessliche Trauer, die der Verlust mit sich bringt.<\/p>\n\n\n\n<h2 class=\"wp-block-heading\">Die rechtlichen Implikationen<\/h2>\n\n\n\n<p>Die Vorw\u00fcrfe gegen die israelische Armee sind schwerwiegend. Experten f\u00fcr V\u00f6lkerrecht, wie Eitan Diamond, haben erkl\u00e4rt, dass der Angriff auf das Begegnungszentrum eine Verletzung des V\u00f6lkerrechts darstellen k\u00f6nnte. Es besteht der Verdacht, dass Kriegsverbrechen begangen wurden, und es ist dringend notwendig, eine unabh\u00e4ngige Untersuchung durchzuf\u00fchren. Wenn solche Vorf\u00e4lle nicht ernst genommen und die Verantwortlichen nicht zur Rechenschaft gezogen werden, k\u00f6nnte dies das gesamte System der internationalen Rechtsordnung untergraben.<\/p>\n\n\n\n<h3 class=\"wp-block-heading\">Die Bedeutung von Aufkl\u00e4rung<\/h3>\n\n\n\n<p>Die Frage nach der Verantwortung und der Aufkl\u00e4rung ist nicht nur eine rechtliche, sondern auch eine moralische. Die betroffenen Familien und die gesamte Gemeinschaft im Libanon verlangen Antworten. Die Stille der Verantwortlichen ist nicht nur eine Verletzung der Menschenrechte, sondern auch ein Zeichen f\u00fcr die fortw\u00e4hrende Missachtung des menschlichen Lebens in Konflikten. Jede Geschichte z\u00e4hlt, und die Geschichten der Opfer m\u00fcssen geh\u00f6rt werden.<\/p>\n\n\n\n<h2 class=\"wp-block-heading\">Fazit<\/h2>\n\n\n\n<p>Der Konflikt im Nahen Osten ist komplex und tragisch, und die Zerst\u00f6rung des deutsch-libanesischen Begegnungszentrums ist nur ein Beispiel f\u00fcr die weitreichenden Auswirkungen des Krieges. Die Fragen nach dem Warum und den rechtlichen Konsequenzen des Angriffs bleiben unbeantwortet. Die Stimmen der \u00dcberlebenden und der Angeh\u00f6rigen der Opfer m\u00fcssen geh\u00f6rt werden, um eine gerechte Aufkl\u00e4rung zu erreichen und die Verantwortlichen zur Rechenschaft zu ziehen. Es ist an der Zeit, dass die internationale Gemeinschaft aufsteht und sich f\u00fcr die Wahrung der Menschenrechte und die Beendigung der Gewalt einsetzt.<\/p>\n\n\n\n<p>Die Geschichten der Betroffenen sind nicht nur Zahlen in den Nachrichten. Sie sind Teil einer gr\u00f6\u00dferen Erz\u00e4hlung \u00fcber Verlust, Schmerz und die Suche nach Gerechtigkeit. Es ist unsere Pflicht, diese Geschichten zu erz\u00e4hlen und die Wahrheit zu suchen, selbst wenn die M\u00e4chtigen schweigen.<\/p>\n\n\n\n<p>F\u00fcr weitere Informationen und zur Unterst\u00fctzung der Aufkl\u00e4rung fordern wir die Leser auf, sich an Organisationen zu wenden, die sich f\u00fcr Menschenrechte und Frieden im Nahen Osten einsetzen.<\/p>\n","protected":false},"excerpt":{"rendered":"<p>Die Situation im Nahen Osten, insbesondere im Libanon und in Israel, ist von Komplexit\u00e4t und Tragik gepr\u00e4gt. In den letzten Jahren haben sich die Spannungen zwischen Israel und verschiedenen Gruppen im Libanon, darunter die Hisbollah, versch\u00e4rft. Ein besonders tragisches Ereignis war die Zerst\u00f6rung eines deutsch-libanesischen Begegnungszentrums im Libanon durch israelische Raketen, bei dem sechs Menschen ums Leben kamen. Diese Trag\u00f6die wirft Fragen auf, die bis heute unbeantwortet sind: Warum wurde das Zentrum angegriffen? War es ein gezielter Angriff auf Zivilisten, und wenn ja, welche rechtlichen Konsequenzen hat dies f\u00fcr die beteiligten Akteure? Der Angriff auf das Begegnungszentrum Im Oktober vergangenen<\/p>\n","protected":false},"author":1,"featured_media":4478,"comment_status":"open","ping_status":"open","sticky":false,"template":"","format":"standard","meta":{"footnotes":""},"categories":[828,833],"tags":[],"class_list":["post-4471","post","type-post","status-publish","format-standard","has-post-thumbnail","hentry","category-israel","category-libanon"],"_links":{"self":[{"href":"https:\/\/agencyx.bplaced.net\/mhneo22\/wp-json\/wp\/v2\/posts\/4471","targetHints":{"allow":["GET"]}}],"collection":[{"href":"https:\/\/agencyx.bplaced.net\/mhneo22\/wp-json\/wp\/v2\/posts"}],"about":[{"href":"https:\/\/agencyx.bplaced.net\/mhneo22\/wp-json\/wp\/v2\/types\/post"}],"author":[{"embeddable":true,"href":"https:\/\/agencyx.bplaced.net\/mhneo22\/wp-json\/wp\/v2\/users\/1"}],"replies":[{"embeddable":true,"href":"https:\/\/agencyx.bplaced.net\/mhneo22\/wp-json\/wp\/v2\/comments?post=4471"}],"version-history":[{"count":1,"href":"https:\/\/agencyx.bplaced.net\/mhneo22\/wp-json\/wp\/v2\/posts\/4471\/revisions"}],"predecessor-version":[{"id":4473,"href":"https:\/\/agencyx.bplaced.net\/mhneo22\/wp-json\/wp\/v2\/posts\/4471\/revisions\/4473"}],"wp:featuredmedia":[{"embeddable":true,"href":"https:\/\/agencyx.bplaced.net\/mhneo22\/wp-json\/wp\/v2\/media\/4478"}],"wp:attachment":[{"href":"https:\/\/agencyx.bplaced.net\/mhneo22\/wp-json\/wp\/v2\/media?parent=4471"}],"wp:term":[{"taxonomy":"category","embeddable":true,"href":"https:\/\/agencyx.bplaced.net\/mhneo22\/wp-json\/wp\/v2\/categories?post=4471"},{"taxonomy":"post_tag","embeddable":true,"href":"https:\/\/agencyx.bplaced.net\/mhneo22\/wp-json\/wp\/v2\/tags?post=4471"}],"curies":[{"name":"wp","href":"https:\/\/api.w.org\/{rel}","templated":true}]}}