{"id":4339,"date":"2025-04-19T10:59:15","date_gmt":"2025-04-19T08:59:15","guid":{"rendered":"https:\/\/agencyx.bplaced.net\/mhneo22\/?p=4339"},"modified":"2025-04-10T21:45:17","modified_gmt":"2025-04-10T19:45:17","slug":"vw-und-die-moegliche-rueckkehr-zur-ruestungsproduktion","status":"publish","type":"post","link":"https:\/\/agencyx.bplaced.net\/mhneo22\/2025\/04\/19\/vw-und-die-moegliche-rueckkehr-zur-ruestungsproduktion\/","title":{"rendered":"VW und die m\u00f6gliche R\u00fcckkehr zur R\u00fcstungsproduktion"},"content":{"rendered":"\n<figure class=\"wp-block-image size-large\"><img loading=\"lazy\" decoding=\"async\" width=\"225\" height=\"60\" src=\"https:\/\/agencyx.bplaced.net\/mhneo22\/wp-content\/uploads\/2025\/01\/ki-information_20250104_192532_00007216048001557528935.png\" alt=\"\" class=\"wp-image-3155\"\/><\/figure>\n\n\n\n<p>Die Diskussion \u00fcber die Zukunft der Volkswagen-Werke, insbesondere in Osnabr\u00fcck, hat in letzter Zeit an Intensit\u00e4t gewonnen. Der R\u00fcstungskonzern Rheinmetall hat Interesse gezeigt, die Produktionskapazit\u00e4ten von VW f\u00fcr milit\u00e4rische Zwecke zu nutzen. Diese \u00dcberlegungen werfen Fragen auf: Was bedeutet das f\u00fcr die Belegschaft? Wie stehen die B\u00fcrger zu einer m\u00f6glichen R\u00fcckkehr zur R\u00fcstungsproduktion?<\/p>\n\n\n\n<h2 class=\"wp-block-heading\">Historischer Kontext und aktuelle Situation<\/h2>\n\n\n\n<p>Historisch gesehen hat Volkswagen einen milit\u00e4rischen Hintergrund, der bis zum Zweiten Weltkrieg zur\u00fcckreicht. Der VW K\u00fcbelwagen war ein Symbol f\u00fcr die milit\u00e4rische Mobilit\u00e4t der Wehrmacht. Nach dem Krieg wurde die Produktion f\u00fcr die Bundeswehr fortgesetzt. Doch die Zeiten haben sich ge\u00e4ndert. Die heutige Gesellschaft hat eine klare Abneigung gegen\u00fcber R\u00fcstungsproduktion und milit\u00e4rischen Konflikten. Viele glauben, dass der Fokus auf Automobilbau und nachhaltige Mobilit\u00e4t gelegt werden sollte.<\/p>\n\n\n\n<h3 class=\"wp-block-heading\">Die Bedrohung der Arbeitspl\u00e4tze<\/h3>\n\n\n\n<p>Die Situation im VW-Werk in Osnabr\u00fcck ist angespannt. Mit \u00fcber 3000 Besch\u00e4ftigten steht das Werk vor der Schlie\u00dfung, was massive Auswirkungen auf die lokale Gemeinschaft h\u00e4tte. Der Vorstandsvorsitzende von VW hat betont, dass die Schaffung von Arbeitspl\u00e4tzen und die Erhaltung der bestehenden Arbeitspl\u00e4tze oberste Priorit\u00e4t haben. Doch der Weg zur R\u00fcstungsproduktion k\u00f6nnte eine L\u00f6sung sein, um Arbeitspl\u00e4tze zu sichern.<\/p>\n\n\n\n<h3 class=\"wp-block-heading\">Rheinmetall und die Idee der Milit\u00e4rproduktion<\/h3>\n\n\n\n<p>Rheinmetall sieht in der VW-Fabrik in Osnabr\u00fcck das Potenzial f\u00fcr die Herstellung von Milit\u00e4rfahrzeugen. Die Argumentation ist, dass die gut ausgebildeten Mitarbeiter von VW schnell in der Lage w\u00e4ren, in die R\u00fcstungsproduktion einzusteigen. Dies k\u00f6nnte auch einen Schub f\u00fcr die regionale Wirtschaft bedeuten. Aber viele Arbeitnehmer und Gewerkschaften sind skeptisch gegen\u00fcber dieser Idee und fordern, dass die Belange der Besch\u00e4ftigten an erster Stelle stehen.<\/p>\n\n\n\n<h2 class=\"wp-block-heading\">\u00d6ffentliche Meinung und gesellschaftliche Verantwortung<\/h2>\n\n\n\n<p>Die \u00f6ffentliche Meinung zu diesem Thema ist gespalten. W\u00e4hrend einige die Idee unterst\u00fctzen, die Arbeitspl\u00e4tze zu sichern, lehnen andere die R\u00fcstungsproduktion entschieden ab. Kritiker argumentieren, dass die R\u00fcstungsindustrie kein nachhaltiges Gesch\u00e4ftsmodell ist und dass die Gesellschaft sich auf friedliche und umweltfreundliche Technologien konzentrieren sollte.<\/p>\n\n\n\n<h3 class=\"wp-block-heading\">Der Dialog mit den Besch\u00e4ftigten<\/h3>\n\n\n\n<p>Ein zentraler Punkt in der Diskussion ist der Mangel an Kommunikation zwischen dem Management und den Mitarbeitenden. Viele Besch\u00e4ftigte f\u00fchlen sich nicht in die Entscheidungsprozesse einbezogen. Es wird gefordert, dass VW einen offenen Dialog mit den Mitarbeitern f\u00fchrt, um deren Bedenken zu adressieren und eine transparente Entscheidungsfindung zu gew\u00e4hrleisten.<\/p>\n\n\n\n<h3 class=\"wp-block-heading\">Alternativen zur R\u00fcstungsproduktion<\/h3>\n\n\n\n<p>Es gibt zahlreiche Alternativen zur R\u00fcstungsproduktion, die sowohl Arbeitspl\u00e4tze sichern als auch der Umwelt zugutekommen. Die Entwicklung von Elektrofahrzeugen und nachhaltigen Mobilit\u00e4tsl\u00f6sungen k\u00f6nnte eine vielversprechende Zukunft f\u00fcr VW darstellen. Diese Bereiche bieten nicht nur Arbeitspl\u00e4tze, sondern auch die M\u00f6glichkeit, einen positiven Beitrag zur Gesellschaft zu leisten.<\/p>\n\n\n\n<h2 class=\"wp-block-heading\">Fazit: Ein Weg in die Zukunft<\/h2>\n\n\n\n<p>Die Diskussion um die m\u00f6gliche R\u00fcstungsproduktion bei VW ist komplex und vielschichtig. W\u00e4hrend die Erhaltung von Arbeitspl\u00e4tzen eine dringende Notwendigkeit ist, m\u00fcssen auch die ethischen und gesellschaftlichen Implikationen ber\u00fccksichtigt werden. Die Zukunft von VW sollte nicht nur auf kurzfristige wirtschaftliche Gewinne ausgerichtet sein, sondern auch auf eine nachhaltige und friedliche Entwicklung. Ein offener Dialog zwischen Management und Mitarbeitenden sowie ein klarer Fokus auf innovative, umweltfreundliche Technologien k\u00f6nnten der Schl\u00fcssel zu einer erfolgreichen Transformation des Unternehmens sein.<\/p>\n\n\n\n<h2 class=\"wp-block-heading\">Die Verantwortung der Unternehmen<\/h2>\n\n\n\n<p>Unternehmen wie Volkswagen stehen in der Verantwortung, nicht nur ihre wirtschaftlichen Interessen zu verfolgen, sondern auch soziale und ethische Standards zu wahren. Die Entscheidung, ob man in die R\u00fcstungsproduktion einsteigt oder nicht, sollte nicht nur anhand wirtschaftlicher Kennzahlen getroffen werden. Vielmehr sollte die langfristige Auswirkung auf die Gesellschaft und die Umwelt im Vordergrund stehen.<\/p>\n\n\n\n<h2 class=\"wp-block-heading\">Schlussfolgerung<\/h2>\n\n\n\n<p>Die \u00dcberlegungen zur R\u00fcstungsproduktion bei VW sind ein Aufruf zur Reflexion \u00fcber die Rolle von Unternehmen in der Gesellschaft. Arbeitspl\u00e4tze zu sichern ist wichtig, aber nicht um jeden Preis. Die Zukunft sollte in eine Richtung gehen, die sowohl \u00f6konomisch tragf\u00e4hig als auch ethisch vertretbar ist. Die Antwort auf diese Herausforderungen liegt in einem gemeinsamen Dialog und in der Bereitschaft, neue Wege zu beschreiten.<\/p>\n","protected":false},"excerpt":{"rendered":"<p>Die Diskussion \u00fcber die Zukunft der Volkswagen-Werke, insbesondere in Osnabr\u00fcck, hat in letzter Zeit an Intensit\u00e4t gewonnen. Der R\u00fcstungskonzern Rheinmetall hat Interesse gezeigt, die Produktionskapazit\u00e4ten von VW f\u00fcr milit\u00e4rische Zwecke zu nutzen. Diese \u00dcberlegungen werfen Fragen auf: Was bedeutet das f\u00fcr die Belegschaft? Wie stehen die B\u00fcrger zu einer m\u00f6glichen R\u00fcckkehr zur R\u00fcstungsproduktion? Historischer Kontext und aktuelle Situation Historisch gesehen hat Volkswagen einen milit\u00e4rischen Hintergrund, der bis zum Zweiten Weltkrieg zur\u00fcckreicht. Der VW K\u00fcbelwagen war ein Symbol f\u00fcr die milit\u00e4rische Mobilit\u00e4t der Wehrmacht. Nach dem Krieg wurde die Produktion f\u00fcr die Bundeswehr fortgesetzt. Doch die Zeiten haben sich ge\u00e4ndert. Die<\/p>\n","protected":false},"author":1,"featured_media":4366,"comment_status":"open","ping_status":"open","sticky":false,"template":"","format":"standard","meta":{"footnotes":""},"categories":[9],"tags":[],"class_list":["post-4339","post","type-post","status-publish","format-standard","has-post-thumbnail","hentry","category-wirtschaft"],"_links":{"self":[{"href":"https:\/\/agencyx.bplaced.net\/mhneo22\/wp-json\/wp\/v2\/posts\/4339","targetHints":{"allow":["GET"]}}],"collection":[{"href":"https:\/\/agencyx.bplaced.net\/mhneo22\/wp-json\/wp\/v2\/posts"}],"about":[{"href":"https:\/\/agencyx.bplaced.net\/mhneo22\/wp-json\/wp\/v2\/types\/post"}],"author":[{"embeddable":true,"href":"https:\/\/agencyx.bplaced.net\/mhneo22\/wp-json\/wp\/v2\/users\/1"}],"replies":[{"embeddable":true,"href":"https:\/\/agencyx.bplaced.net\/mhneo22\/wp-json\/wp\/v2\/comments?post=4339"}],"version-history":[{"count":1,"href":"https:\/\/agencyx.bplaced.net\/mhneo22\/wp-json\/wp\/v2\/posts\/4339\/revisions"}],"predecessor-version":[{"id":4340,"href":"https:\/\/agencyx.bplaced.net\/mhneo22\/wp-json\/wp\/v2\/posts\/4339\/revisions\/4340"}],"wp:featuredmedia":[{"embeddable":true,"href":"https:\/\/agencyx.bplaced.net\/mhneo22\/wp-json\/wp\/v2\/media\/4366"}],"wp:attachment":[{"href":"https:\/\/agencyx.bplaced.net\/mhneo22\/wp-json\/wp\/v2\/media?parent=4339"}],"wp:term":[{"taxonomy":"category","embeddable":true,"href":"https:\/\/agencyx.bplaced.net\/mhneo22\/wp-json\/wp\/v2\/categories?post=4339"},{"taxonomy":"post_tag","embeddable":true,"href":"https:\/\/agencyx.bplaced.net\/mhneo22\/wp-json\/wp\/v2\/tags?post=4339"}],"curies":[{"name":"wp","href":"https:\/\/api.w.org\/{rel}","templated":true}]}}