{"id":4317,"date":"2025-04-12T12:00:51","date_gmt":"2025-04-12T10:00:51","guid":{"rendered":"https:\/\/agencyx.bplaced.net\/mhneo22\/?p=4317"},"modified":"2025-04-06T09:38:53","modified_gmt":"2025-04-06T07:38:53","slug":"repression-und-abschiebungen-die-auswirkungen-von-trumps-dekreten-auf-eliteuniversitaeten","status":"publish","type":"post","link":"https:\/\/agencyx.bplaced.net\/mhneo22\/2025\/04\/12\/repression-und-abschiebungen-die-auswirkungen-von-trumps-dekreten-auf-eliteuniversitaeten\/","title":{"rendered":"Repression und Abschiebungen: Die Auswirkungen von Trumps Dekreten auf Eliteuniversit\u00e4ten"},"content":{"rendered":"\n<figure class=\"wp-block-image size-large\"><img loading=\"lazy\" decoding=\"async\" width=\"225\" height=\"60\" src=\"https:\/\/agencyx.bplaced.net\/mhneo22\/wp-content\/uploads\/2025\/01\/ki-information_20250104_192532_00007216048001557528935.png\" alt=\"\" class=\"wp-image-3155\"\/><\/figure>\n\n\n\n<p>Die aktuelle politische Lage in den USA hat tiefgreifende Auswirkungen auf internationale Studierende an Eliteuniversit\u00e4ten. Besonders die Trump-Administration hat mit ihren restriktiven Ma\u00dfnahmen und aggressiven Rhetorik eine Atmosph\u00e4re der Angst geschaffen. In diesem Artikel beleuchten wir die Erfahrungen von betroffenen Studierenden und die Reaktionen der akademischen Gemeinschaft.<\/p>\n\n\n\n<h2 class=\"wp-block-heading\">Die Realit\u00e4t der Einsch\u00fcchterung<\/h2>\n\n\n\n<p>In den letzten Monaten wurden zahlreiche internationale Studierende Opfer von Repressionen. Beamte des Heimatschutzministeriums in Zivilkleidung haben beispielsweise die t\u00fcrkische Studentin Romeesa \u00d6zt\u00fcrk festgenommen. In New York City wurde der ehemalige Columbia-Student Mahmud Alil verhaftet. Ein \u00dcberwachungsvideo zeigt eine indische Doktorandin, die die USA verl\u00e4sst, um einer angedrohten Zwangsausweisung zuvorzukommen. Was all diese F\u00e4lle gemeinsam haben, ist die Tatsache, dass sie ins Visier eines neuen Regierungsprogramms geraten sind, das von der Trump-Administration initiiert wurde.<\/p>\n\n\n\n<h3 class=\"wp-block-heading\">Der Vorwurf der Terrorunterst\u00fctzung<\/h3>\n\n\n\n<p>Die Regierung erhebt gegen diese Studierenden den Vorwurf, sie h\u00e4tten die Terrororganisation Hamas unterst\u00fctzt. Au\u00dfenminister Rubio erkl\u00e4rte, dass jeder, der an pro-pal\u00e4stinensischen Protesten teilgenommen oder sich kritisch zur Politik der israelischen Regierung ge\u00e4u\u00dfert habe, mit der Annullierung seines Visums rechnen m\u00fcsse. Bisher wurden jedoch in keinem der F\u00e4lle Beweise f\u00fcr Terrorunterst\u00fctzung vorgelegt. Der j\u00fcdische Professor Jason Stanley kritisiert, dass diese Ma\u00dfnahmen als Vorwand benutzt werden, um die Meinungsfreiheit an den Universit\u00e4ten einzuschr\u00e4nken.<\/p>\n\n\n\n<figure class=\"wp-block-embed is-type-video is-provider-youtube wp-block-embed-youtube wp-embed-aspect-16-9 wp-has-aspect-ratio\"><div class=\"wp-block-embed__wrapper\">\n<iframe loading=\"lazy\" title=\"Repression und Abschiebungen: Wie Trumps Dekrete Elite-Universit\u00e4ten treffen | auslandsjournal\" width=\"1080\" height=\"608\" src=\"https:\/\/www.youtube.com\/embed\/xEKyEqFhc8Y?feature=oembed\" frameborder=\"0\" allow=\"accelerometer; autoplay; clipboard-write; encrypted-media; gyroscope; picture-in-picture; web-share\" referrerpolicy=\"strict-origin-when-cross-origin\" allowfullscreen><\/iframe>\n<\/div><\/figure>\n\n\n\n<h2 class=\"wp-block-heading\">Die Angst auf dem Campus<\/h2>\n\n\n\n<p>Die Atmosph\u00e4re an Universit\u00e4ten wie Columbia ist angespannt. Viele Studierende haben Angst, offen \u00fcber ihre Meinungen zu sprechen, aus Sorge, abgeschoben zu werden. Eine Studentin berichtet, dass sie und ihre Freunde bei der Einreise in die USA stundenlang kontrolliert wurden. Diese Erfahrungen sind nicht nur traumatisch, sondern haben auch direkte Auswirkungen auf das Studium und die psychische Gesundheit der Betroffenen.<\/p>\n\n\n\n<h3 class=\"wp-block-heading\">Der Fall von Sandra<\/h3>\n\n\n\n<p>Eine Politikstudentin, die aus Berlin kommt und deren Namen auf Wunsch ge\u00e4ndert wurde, hat sich nicht an den Protesten beteiligt, aber sie hat im Rahmen eines Kurses dar\u00fcber geschrieben. Ihre Universit\u00e4t riet ihr, die USA w\u00e4hrend der Ferien besser nicht zu verlassen. Diese Ratschl\u00e4ge spiegeln die allgemeine Angst wider, die viele internationale Studierende empfinden. Sie f\u00fcrchtet, dass sie nicht mehr einreisen kann und ihr Studium nicht abschlie\u00dfen kann, was auch Auswirkungen auf ihr Familienleben hat.<\/p>\n\n\n\n<h2 class=\"wp-block-heading\">Die Reaktion der akademischen Gemeinschaft<\/h2>\n\n\n\n<p>Professorinnen und Professoren an Universit\u00e4ten sind besorgt \u00fcber die Entwicklungen. Katharina Pistor, eine Jura-Professorin an Columbia, bezeichnet die aktuellen Ereignisse als weitreichenderen Angriff auf die Meinungsfreiheit und als Kulturkampf. Sie glaubt, dass die Reichen und einflussreichen Personen in der Gesellschaft verherrlicht werden, w\u00e4hrend Wissenschaftler und Akademiker unter Druck gesetzt werden.<\/p>\n\n\n\n<h3 class=\"wp-block-heading\">Die Verachtung f\u00fcr freie Wissenschaft<\/h3>\n\n\n\n<p>Trump hat nie ein Geheimnis daraus gemacht, dass er die freie Wissenschaft verachtet. Sein Vizepr\u00e4sident hat die Universit\u00e4ten als Ziel erkl\u00e4rt, die er offen und aggressiv angreifen m\u00f6chte. Dies hat bereits zu massiven K\u00fcrzungen in den F\u00f6rdergeldern f\u00fcr \u00fcber 100 Universit\u00e4ten und wissenschaftliche Institute gef\u00fchrt. Wissenschaftler aus dem ganzen Land protestieren gegen diese Entwicklung, die sie als Angriff auf das Amerika betrachten, das sie kennen.<\/p>\n\n\n\n<h2 class=\"wp-block-heading\">Langfristige Konsequenzen<\/h2>\n\n\n\n<p>Die aktuellen Ma\u00dfnahmen k\u00f6nnten langfristige Folgen f\u00fcr die US-Wissenschaft haben. Die Grundlagenforschung, die f\u00fcr technologische Innovationen wie Satelliten und Smartphones entscheidend ist, k\u00f6nnte durch die Zerschlagung von Forschungsinstituten gef\u00e4hrdet werden. Die USA gelten als das Zentrum der globalen Forschung, und ein Drittel aller Forschung findet hier statt.<\/p>\n\n\n\n<h3 class=\"wp-block-heading\">Die Stimme der Wissenschaftler<\/h3>\n\n\n\n<p>Wissenschaftler wie Jason Stanley, der von Yale nach Toronto wechselt, warnen davor, dass dieser Angriff auf die Freiheit von einem Herrscher kommt, der gerne K\u00f6nig w\u00e4re. Die Strategien der Trump-Administration erinnern an Praktiken, die in autorit\u00e4ren Regierungen \u00fcblich sind. Viele Akademiker ziehen in Betracht, das Land zu verlassen, um der repressiven Atmosph\u00e4re zu entkommen.<\/p>\n\n\n\n<h2 class=\"wp-block-heading\">Der Vergleich mit der Geschichte<\/h2>\n\n\n\n<p>Die aktuellen Entwicklungen erinnern an dunkle Kapitel der Geschichte, in denen Wissenschaft und Meinungsfreiheit unterdr\u00fcckt wurden. Professor Pistor vergleicht die Situation mit den 30er Jahren in Deutschland, als die Wissenschaft stark eingeschr\u00e4nkt wurde. Die Verw\u00fcstungen, die damals angerichtet wurden, k\u00f6nnten sich wiederholen, wenn die Grundlagen der freien Wissenschaft nicht gesch\u00fctzt werden.<\/p>\n\n\n\n<h3 class=\"wp-block-heading\">Die Verantwortung der Universit\u00e4ten<\/h3>\n\n\n\n<p>Universit\u00e4ten stehen in der Verantwortung, sich gegen diese repressive Politik zu wehren. Sie m\u00fcssen f\u00fcr die Rechte ihrer Studierenden eintreten und eine Atmosph\u00e4re schaffen, in der Meinungsfreiheit respektiert wird. Dies ist nicht nur eine Frage der akademischen Freiheit, sondern auch der moralischen Verantwortung gegen\u00fcber den Studierenden, die in einem Klima der Angst leben.<\/p>\n\n\n\n<h2 class=\"wp-block-heading\">Ein Aufruf zum Handeln<\/h2>\n\n\n\n<p>Die Situation an den US-Eliteuniversit\u00e4ten ist alarmierend. Die Repressionen der Trump-Administration haben eine Welle der Angst unter internationalen Studierenden ausgel\u00f6st. Es ist an der Zeit, dass die akademische Gemeinschaft zusammensteht und sich f\u00fcr die Wahrung der Meinungsfreiheit und der akademischen Integrit\u00e4t einsetzt. Nur gemeinsam k\u00f6nnen wir sicherstellen, dass Bildung und Wissenschaft in einem freien und offenen Klima gedeihen k\u00f6nnen.<\/p>\n\n\n\n<p>Jede Stimme z\u00e4hlt. Lasst uns aktiv werden, um die Werte von Freiheit und Gerechtigkeit zu verteidigen, die unsere Gesellschaft pr\u00e4gen. Die Zukunft der Wissenschaft und der Bildung steht auf dem Spiel.<\/p>\n","protected":false},"excerpt":{"rendered":"<p>Die aktuelle politische Lage in den USA hat tiefgreifende Auswirkungen auf internationale Studierende an Eliteuniversit\u00e4ten. Besonders die Trump-Administration hat mit ihren restriktiven Ma\u00dfnahmen und aggressiven Rhetorik eine Atmosph\u00e4re der Angst geschaffen. In diesem Artikel beleuchten wir die Erfahrungen von betroffenen Studierenden und die Reaktionen der akademischen Gemeinschaft. Die Realit\u00e4t der Einsch\u00fcchterung In den letzten Monaten wurden zahlreiche internationale Studierende Opfer von Repressionen. Beamte des Heimatschutzministeriums in Zivilkleidung haben beispielsweise die t\u00fcrkische Studentin Romeesa \u00d6zt\u00fcrk festgenommen. In New York City wurde der ehemalige Columbia-Student Mahmud Alil verhaftet. Ein \u00dcberwachungsvideo zeigt eine indische Doktorandin, die die USA verl\u00e4sst, um einer angedrohten Zwangsausweisung<\/p>\n","protected":false},"author":1,"featured_media":4322,"comment_status":"open","ping_status":"open","sticky":false,"template":"","format":"standard","meta":{"footnotes":""},"categories":[829],"tags":[],"class_list":["post-4317","post","type-post","status-publish","format-standard","has-post-thumbnail","hentry","category-usa"],"_links":{"self":[{"href":"https:\/\/agencyx.bplaced.net\/mhneo22\/wp-json\/wp\/v2\/posts\/4317","targetHints":{"allow":["GET"]}}],"collection":[{"href":"https:\/\/agencyx.bplaced.net\/mhneo22\/wp-json\/wp\/v2\/posts"}],"about":[{"href":"https:\/\/agencyx.bplaced.net\/mhneo22\/wp-json\/wp\/v2\/types\/post"}],"author":[{"embeddable":true,"href":"https:\/\/agencyx.bplaced.net\/mhneo22\/wp-json\/wp\/v2\/users\/1"}],"replies":[{"embeddable":true,"href":"https:\/\/agencyx.bplaced.net\/mhneo22\/wp-json\/wp\/v2\/comments?post=4317"}],"version-history":[{"count":1,"href":"https:\/\/agencyx.bplaced.net\/mhneo22\/wp-json\/wp\/v2\/posts\/4317\/revisions"}],"predecessor-version":[{"id":4318,"href":"https:\/\/agencyx.bplaced.net\/mhneo22\/wp-json\/wp\/v2\/posts\/4317\/revisions\/4318"}],"wp:featuredmedia":[{"embeddable":true,"href":"https:\/\/agencyx.bplaced.net\/mhneo22\/wp-json\/wp\/v2\/media\/4322"}],"wp:attachment":[{"href":"https:\/\/agencyx.bplaced.net\/mhneo22\/wp-json\/wp\/v2\/media?parent=4317"}],"wp:term":[{"taxonomy":"category","embeddable":true,"href":"https:\/\/agencyx.bplaced.net\/mhneo22\/wp-json\/wp\/v2\/categories?post=4317"},{"taxonomy":"post_tag","embeddable":true,"href":"https:\/\/agencyx.bplaced.net\/mhneo22\/wp-json\/wp\/v2\/tags?post=4317"}],"curies":[{"name":"wp","href":"https:\/\/api.w.org\/{rel}","templated":true}]}}