{"id":3780,"date":"2025-03-15T02:00:59","date_gmt":"2025-03-15T01:00:59","guid":{"rendered":"https:\/\/agencyx.bplaced.net\/mhneo22\/?p=3780"},"modified":"2025-03-08T21:38:01","modified_gmt":"2025-03-08T20:38:01","slug":"nitratbelastung-an-der-ems-gericht-zwingt-laender-zu-haerteren-massnahmen","status":"publish","type":"post","link":"https:\/\/agencyx.bplaced.net\/mhneo22\/2025\/03\/15\/nitratbelastung-an-der-ems-gericht-zwingt-laender-zu-haerteren-massnahmen\/","title":{"rendered":"Nitratbelastung an der Ems: Gericht zwingt L\u00e4nder zu h\u00e4rteren Ma\u00dfnahmen"},"content":{"rendered":"<div class=\"wp-block-image\">\n<figure class=\"alignleft size-large\"><img loading=\"lazy\" decoding=\"async\" width=\"225\" height=\"60\" src=\"https:\/\/agencyx.bplaced.net\/mhneo22\/wp-content\/uploads\/2025\/01\/ki-information_20250104_192532_00007216048001557528935.png\" alt=\"\" class=\"wp-image-3155\"\/><\/figure>\n<\/div>\n\n\n<p>Die Nitratbelastung im Grundwasser der Ems ist ein dr\u00e4ngendes Umweltproblem, das nun durch ein wegweisendes Urteil des Bundesverwaltungsgerichts in Leipzig am 6. M\u00e4rz 2025 in den Fokus ger\u00fcckt wurde. Niedersachsen und Nordrhein-Westfalen wurden verpflichtet, ihre Ma\u00dfnahmen zur Bek\u00e4mpfung der Nitratbelastung erheblich zu versch\u00e4rfen. Dieses Urteil hat nicht nur Auswirkungen auf die Region Ems, sondern k\u00f6nnte auch als Pr\u00e4zedenzfall f\u00fcr andere belastete Gebiete in Deutschland dienen.<\/p>\n\n\n\n<h2 class=\"wp-block-heading\">Hintergrund: Anhaltend hohe Nitratwerte<\/h2>\n\n\n\n<p>Die Ems erstreckt sich \u00fcber ein Gebiet von rund 18.000 Quadratkilometern, das Teile Niedersachsens, Nordrhein-Westfalens und der Niederlande umfasst. \u00dcber Jahre hinweg k\u00e4mpfen die Anwohner und Umweltsch\u00fctzer mit \u00fcberh\u00f6hten Nitratwerten im Grundwasser. Viele Messstellen zeigen Werte, die den EU-Grenzwert von 50 Milligramm pro Liter deutlich \u00fcberschreiten. Die Hauptursachen daf\u00fcr sind die intensive Tierhaltung und die \u00fcberm\u00e4\u00dfige D\u00fcngung in der Landwirtschaft, die von Umweltverb\u00e4nden als kritisch angesehen werden.<\/p>\n\n\n\n<h2 class=\"wp-block-heading\">Gerichtsurteil: Ein Meilenstein f\u00fcr den Gew\u00e4sserschutz<\/h2>\n\n\n\n<p>Das Urteil des Bundesverwaltungsgerichts ist mehr als nur eine rechtliche Entscheidung; es stellt einen Meilenstein f\u00fcr den Gew\u00e4sserschutz in Deutschland dar. Es verpflichtet die Bundesl\u00e4nder, das sogenannte Verschlechterungsverbot f\u00fcr Gew\u00e4sser strikt einzuhalten und auf Verschlechterungen an einzelnen Messstellen zu reagieren. Dies bedeutet, dass kein einziger Wert, der die festgelegten Grenzwerte \u00fcberschreitet, toleriert werden darf.<\/p>\n\n\n\n<h2 class=\"wp-block-heading\">Reaktionen und Konsequenzen<\/h2>\n\n\n\n<p>Die Reaktionen auf das Urteil sind vielf\u00e4ltig und reichen von politischen Ank\u00fcndigungen bis hin zu kritischen Stimmen aus der Landwirtschaft. Umweltminister Christian Meyer (Gr\u00fcne) hat bereits angek\u00fcndigt, dass der Ma\u00dfnahmenplan f\u00fcr die Ems in Zusammenarbeit mit Nordrhein-Westfalen \u00fcberarbeitet werden muss. Die Deutsche Umwelthilfe (DUH) bezeichnet das Urteil als &#8220;bahnbrechend&#8221; f\u00fcr den Gew\u00e4sserschutz in Deutschland.<\/p>\n\n\n\n<ul class=\"wp-block-list\">\n<li><strong>Umweltminister Christian Meyer:<\/strong> Ank\u00fcndigung zur Nachbesserung des Ma\u00dfnahmenplans.<\/li>\n\n\n\n<li><strong>Deutsche Umwelthilfe (DUH):<\/strong> Urteil wird als bahnbrechend f\u00fcr den Gew\u00e4sserschutz angesehen.<\/li>\n\n\n\n<li><strong>Bundesverband der Energie- und Wasserwirtschaft:<\/strong> Sieht das Urteil als Grundsatzentscheidung f\u00fcr den Grundwasserschutz.<\/li>\n\n\n\n<li><strong>Landvolk Niedersachsen:<\/strong> Erwarten keine unmittelbaren Konsequenzen f\u00fcr die Landwirtschaft.<\/li>\n<\/ul>\n\n\n\n<h2 class=\"wp-block-heading\">Herausforderungen und L\u00f6sungsans\u00e4tze<\/h2>\n\n\n\n<p>Die Verbesserung der Wasserqualit\u00e4t in der Ems bleibt eine komplexe Herausforderung. Trotz leichter R\u00fcckg\u00e4nge der Nitratwerte im Sickerwasser sind die bisherigen Ma\u00dfnahmen nicht ausreichend. Experten betonen, dass langfristige Strategien notwendig sind, da Ver\u00e4nderungen im Grundwasser oft erst nach Jahren messbar sind.<\/p>\n\n\n\n<h3 class=\"wp-block-heading\">M\u00f6gliche Ma\u00dfnahmen zur Nitratreduzierung<\/h3>\n\n\n\n<p>Um die Nitratbelastung zu reduzieren, k\u00f6nnten folgende Ma\u00dfnahmen ergriffen werden:<\/p>\n\n\n\n<ul class=\"wp-block-list\">\n<li>Optimierung der D\u00fcngepraktiken.<\/li>\n\n\n\n<li>F\u00f6rderung des \u00f6kologischen Landbaus.<\/li>\n\n\n\n<li>Reduzierung der Tierbest\u00e4nde in belasteten Gebieten.<\/li>\n\n\n\n<li>Verst\u00e4rkte Kontrollen und Sanktionen bei Verst\u00f6\u00dfen.<\/li>\n\n\n\n<li>Ausbau von Gew\u00e4sserrandstreifen.<\/li>\n<\/ul>\n\n\n\n<h2 class=\"wp-block-heading\">Die Perspektive der Landwirte<\/h2>\n\n\n\n<p>Die Auswirkungen des Urteils auf die Landwirte in Niedersachsen und Nordrhein-Westfalen sind ein zentrales Thema. Landwirte wie Willhm und Heiko Berlin, die einen Milchbetrieb im Reiderland f\u00fchren, berichten von den Herausforderungen, die die bestehenden D\u00fcngeregelungen mit sich bringen. Bereits jetzt m\u00fcssen sie beim D\u00fcngen Abstand zu den Gew\u00e4ssern halten, um eine Kontamination zu vermeiden.<\/p>\n\n\n\n<p>Ein weiteres Problem ist die m\u00f6gliche Versch\u00e4rfung der Regelungen, die dazu f\u00fchren k\u00f6nnte, dass Landwirte noch weiter vom Gew\u00e4sser entfernt d\u00fcngen m\u00fcssen. Dies k\u00f6nnte bedeuten, dass viele Fl\u00e4chen aus der Produktion fallen, was f\u00fcr die Betriebe erhebliche wirtschaftliche Konsequenzen h\u00e4tte.<\/p>\n\n\n\n<h3 class=\"wp-block-heading\">Kritik an den neuen Regelungen<\/h3>\n\n\n\n<p>Die Landwirte \u00e4u\u00dfern zudem Bedenken, dass auch andere Faktoren, wie Abw\u00e4sser aus der Industrie, die hohen Nitratwerte in der Ems verursachen k\u00f6nnten. Sie fordern eine differenzierte Betrachtung der Ursachen f\u00fcr die Schadstoffbelastung. Die Verantwortung f\u00fcr die Reduzierung der Schadstoffbelastung liegt laut Urteil beim Bundesverwaltungsgericht klar bei den L\u00e4ndern. Unabh\u00e4ngig von den Ursachen m\u00fcssen die Nitratwerte gesenkt werden.<\/p>\n\n\n\n<h2 class=\"wp-block-heading\">Fazit: Ein Schritt in die richtige Richtung<\/h2>\n\n\n\n<p>Das Urteil des Bundesverwaltungsgerichts ist ein wichtiger Schritt in Richtung Gew\u00e4sserschutz und zeigt, dass die Politik und die Landwirtschaft gemeinsam an L\u00f6sungen arbeiten m\u00fcssen. Die Herausforderungen sind gro\u00df, aber mit einem klaren Plan und dem Willen zur Ver\u00e4nderung kann die Nitratbelastung im Grundwasser der Ems nachhaltig gesenkt werden. Es bleibt abzuwarten, wie die Ma\u00dfnahmen in der Praxis umgesetzt werden und welche Auswirkungen dies auf die Landwirtschaft und die Umwelt haben wird.<\/p>\n","protected":false},"excerpt":{"rendered":"<p>Die Nitratbelastung im Grundwasser der Ems ist ein dr\u00e4ngendes Umweltproblem, das nun durch ein wegweisendes Urteil des Bundesverwaltungsgerichts in Leipzig am 6. M\u00e4rz 2025 in den Fokus ger\u00fcckt wurde. Niedersachsen und Nordrhein-Westfalen wurden verpflichtet, ihre Ma\u00dfnahmen zur Bek\u00e4mpfung der Nitratbelastung erheblich zu versch\u00e4rfen. Dieses Urteil hat nicht nur Auswirkungen auf die Region Ems, sondern k\u00f6nnte auch als Pr\u00e4zedenzfall f\u00fcr andere belastete Gebiete in Deutschland dienen. Hintergrund: Anhaltend hohe Nitratwerte Die Ems erstreckt sich \u00fcber ein Gebiet von rund 18.000 Quadratkilometern, das Teile Niedersachsens, Nordrhein-Westfalens und der Niederlande umfasst. \u00dcber Jahre hinweg k\u00e4mpfen die Anwohner und Umweltsch\u00fctzer mit \u00fcberh\u00f6hten Nitratwerten im<\/p>\n","protected":false},"author":1,"featured_media":3790,"comment_status":"open","ping_status":"open","sticky":false,"template":"","format":"standard","meta":{"footnotes":""},"categories":[17,841],"tags":[],"class_list":["post-3780","post","type-post","status-publish","format-standard","has-post-thumbnail","hentry","category-gesundheit","category-umweltschutz"],"_links":{"self":[{"href":"https:\/\/agencyx.bplaced.net\/mhneo22\/wp-json\/wp\/v2\/posts\/3780","targetHints":{"allow":["GET"]}}],"collection":[{"href":"https:\/\/agencyx.bplaced.net\/mhneo22\/wp-json\/wp\/v2\/posts"}],"about":[{"href":"https:\/\/agencyx.bplaced.net\/mhneo22\/wp-json\/wp\/v2\/types\/post"}],"author":[{"embeddable":true,"href":"https:\/\/agencyx.bplaced.net\/mhneo22\/wp-json\/wp\/v2\/users\/1"}],"replies":[{"embeddable":true,"href":"https:\/\/agencyx.bplaced.net\/mhneo22\/wp-json\/wp\/v2\/comments?post=3780"}],"version-history":[{"count":1,"href":"https:\/\/agencyx.bplaced.net\/mhneo22\/wp-json\/wp\/v2\/posts\/3780\/revisions"}],"predecessor-version":[{"id":3781,"href":"https:\/\/agencyx.bplaced.net\/mhneo22\/wp-json\/wp\/v2\/posts\/3780\/revisions\/3781"}],"wp:featuredmedia":[{"embeddable":true,"href":"https:\/\/agencyx.bplaced.net\/mhneo22\/wp-json\/wp\/v2\/media\/3790"}],"wp:attachment":[{"href":"https:\/\/agencyx.bplaced.net\/mhneo22\/wp-json\/wp\/v2\/media?parent=3780"}],"wp:term":[{"taxonomy":"category","embeddable":true,"href":"https:\/\/agencyx.bplaced.net\/mhneo22\/wp-json\/wp\/v2\/categories?post=3780"},{"taxonomy":"post_tag","embeddable":true,"href":"https:\/\/agencyx.bplaced.net\/mhneo22\/wp-json\/wp\/v2\/tags?post=3780"}],"curies":[{"name":"wp","href":"https:\/\/api.w.org\/{rel}","templated":true}]}}