{"id":3748,"date":"2025-03-17T13:00:33","date_gmt":"2025-03-17T12:00:33","guid":{"rendered":"https:\/\/agencyx.bplaced.net\/mhneo22\/?p=3748"},"modified":"2025-03-08T21:38:35","modified_gmt":"2025-03-08T20:38:35","slug":"europa-will-in-verteidigung-investieren-ein-gespraech-mit-militaerexperte-nico-lange-in-der-tagesschau","status":"publish","type":"post","link":"https:\/\/agencyx.bplaced.net\/mhneo22\/2025\/03\/17\/europa-will-in-verteidigung-investieren-ein-gespraech-mit-militaerexperte-nico-lange-in-der-tagesschau\/","title":{"rendered":"Europa will in Verteidigung investieren: Ein Gespr\u00e4ch mit Milit\u00e4rexperte Nico Lange in der Tagesschau"},"content":{"rendered":"<div class=\"wp-block-image\">\n<figure class=\"alignleft size-large\"><img loading=\"lazy\" decoding=\"async\" width=\"225\" height=\"60\" src=\"https:\/\/agencyx.bplaced.net\/mhneo22\/wp-content\/uploads\/2025\/01\/ki-information_20250104_192532_00007216048001557528935.png\" alt=\"\" class=\"wp-image-3155\"\/><\/figure>\n<\/div>\n\n\n<p>In einer Zeit, in der die sicherheitspolitischen Herausforderungen in Europa immer dr\u00e4ngender werden, ist es unerl\u00e4sslich, dass die Europ\u00e4er ihre Verteidigung selbst in die Hand nehmen. Milit\u00e4rexperte Nico Lange, Senior Fellow bei der M\u00fcnchner Sicherheitskonferenz, teilt seine Einsch\u00e4tzungen zu den aktuellen Entwicklungen und den notwendigen Schritten, die Europa unternehmen muss, um seine Sicherheit zu gew\u00e4hrleisten.<\/p>\n\n\n\n<figure class=\"wp-block-embed is-type-video is-provider-youtube wp-block-embed-youtube wp-embed-aspect-16-9 wp-has-aspect-ratio\"><div class=\"wp-block-embed__wrapper\">\n<iframe loading=\"lazy\" title=\"Europa will in Verteidigung investieren: Das sagt ein Milit\u00e4rexperte\" width=\"1080\" height=\"608\" src=\"https:\/\/www.youtube.com\/embed\/Kqn1PfMEzRo?feature=oembed\" frameborder=\"0\" allow=\"accelerometer; autoplay; clipboard-write; encrypted-media; gyroscope; picture-in-picture; web-share\" referrerpolicy=\"strict-origin-when-cross-origin\" allowfullscreen><\/iframe>\n<\/div><\/figure>\n\n\n\n<h2 class=\"wp-block-heading\">Der Hebel wird umgelegt?<\/h2>\n\n\n\n<p>Die Diskussion dar\u00fcber, wie Europa seine Sicherheit verbessern kann, hat in den letzten Jahren an Fahrt gewonnen. Lange betont, dass es zwar positive Signale gibt, jedoch zun\u00e4chst nur auf dem Papier stehen. \u201ePapier ist geduldig\u201c, sagt er und \u00e4u\u00dfert seine Skepsis, ob die angek\u00fcndigten Ma\u00dfnahmen tats\u00e4chlich in die Tat umgesetzt werden. Besonders wichtig ist ihm, dass Europa mehr ist als nur die EU, denn auch das Vereinigte K\u00f6nigreich und andere L\u00e4nder spielen eine entscheidende Rolle in der europ\u00e4ischen Sicherheitsarchitektur.<\/p>\n\n\n\n<h2 class=\"wp-block-heading\">Investitionen in die europ\u00e4ische Sicherheit<\/h2>\n\n\n\n<p>Ein zentrales Thema des Gespr\u00e4chs ist der Plan von EU-Kommissionspr\u00e4sidentin Ursula von der Leyen, 800 Milliarden Euro f\u00fcr Flugabwehrsysteme, Drohnen und Cyberaufkl\u00e4rung bereitzustellen. Lange \u00e4u\u00dfert sich dazu skeptisch: \u201eEs gab in der Vergangenheit immer wieder Versuche, bestehende Gelder umzuetikettieren.\u201c Er fordert konkrete Schritte und Ergebnisse, insbesondere im Hinblick auf die ukrainische Industrie, die f\u00fcr die eigene Sicherheit mehr produzieren k\u00f6nnte.<\/p>\n\n\n\n<h3 class=\"wp-block-heading\">Die Rolle der Verteidigungsindustrie<\/h3>\n\n\n\n<p>Lange hebt hervor, dass die europ\u00e4ische Verteidigungsindustrie dringend finanziert werden muss. \u201eWenn die EU es schafft, die Verteidigungsindustrie sofort zu finanzieren, dann ist das ein konkreter Schritt\u201c, erkl\u00e4rt er. Die Herausforderung liege darin, die Kapazit\u00e4ten schnell auszubauen und nicht nur mit gro\u00dfen Summen zu operieren, die m\u00f6glicherweise nicht in echte Ergebnisse m\u00fcnden.<\/p>\n\n\n\n<h2 class=\"wp-block-heading\">Der Stimmungswechsel in Europa<\/h2>\n\n\n\n<p>Obwohl Lange skeptisch ist, erkennt er einen Stimmungswechsel in der Politik. \u201eEs gibt ein deutliches Zeichen, dass sich etwas tut\u201c, sagt er und verweist auf die Zusammenarbeit zwischen der Kommissionspr\u00e4sidentin und anderen hochrangigen EU-Vertretern. Dennoch bleibt die Frage, wie die EU mit L\u00e4ndern wie Ungarn umgehen sollte, die oft blockieren und nicht bereit sind, sich dem gemeinsamen Ziel zu verpflichten.<\/p>\n\n\n\n<h3 class=\"wp-block-heading\">Koalition der Willigen<\/h3>\n\n\n\n<p>Eine m\u00f6gliche L\u00f6sung sieht Lange in der Bildung von Gruppen von Staaten, die bereit sind, voranzugehen. \u201eMan muss sich von den Blockierern l\u00f6sen und konkrete Schritte einleiten\u201c, fordert er. Dies k\u00f6nnte die Form einer \u201eKoalition der Willigen\u201c annehmen, die sich auf die gemeinsamen Sicherheitsinteressen konzentriert.<\/p>\n\n\n\n<h2 class=\"wp-block-heading\">Die nukleare Debatte<\/h2>\n\n\n\n<p>Ein weiterer wichtiger Aspekt ist die Diskussion \u00fcber einen erweiterten nuklearen Schutzschirm in Europa. Lange h\u00e4lt es f\u00fcr sinnvoll, einen nuklearen Plan B zwischen den europ\u00e4ischen NATO-Partnern zu diskutieren. \u201eAber wir m\u00fcssen aufpassen, dass wir nicht eine Ersatzdebatte f\u00fchren, die die konventionelle Bedrohung durch Russland ignoriert\u201c, warnt er. Der Fokus m\u00fcsse auf der St\u00e4rkung der konventionellen Verteidigung liegen.<\/p>\n\n\n\n<h3 class=\"wp-block-heading\">Priorit\u00e4ten beim Materialeinkauf<\/h3>\n\n\n\n<p>Wenn die angek\u00fcndigten Gelder tats\u00e4chlich bereitgestellt werden, stellt sich die Frage, wo die Priorit\u00e4ten beim Materialeinkauf gesetzt werden sollten. Lange betont, dass es nicht nur um den Einkauf von Material gehe, sondern auch um die F\u00e4higkeit, Einsatzkr\u00e4fte bereitzustellen. \u201eWir brauchen Satellitenf\u00e4higkeiten, autonome Systeme, und digitale F\u00fchrungssysteme\u201c, erkl\u00e4rt er und fordert eine \u00d6ffnung f\u00fcr Start-ups, um Innovationen und neue Ans\u00e4tze in den Verteidigungssektor zu bringen.<\/p>\n\n\n\n<h2 class=\"wp-block-heading\">Die geopolitische Lage und die Rolle der USA<\/h2>\n\n\n\n<p>Im Kontext der geopolitischen Entwicklungen \u00e4u\u00dfert Lange Bedenken hinsichtlich der zuk\u00fcnftigen Beziehung zwischen den USA und Russland, insbesondere unter einer m\u00f6glichen Pr\u00e4sidentschaft von Donald Trump. \u201eEs ist nicht abzusehen, wie nah sich Putin und Trump kommen werden\u201c, sagt er und erinnert daran, dass \u00e4hnliche Versuche in der Vergangenheit gescheitert sind. Die Europ\u00e4er m\u00fcssen jetzt St\u00e4rke zeigen und sich nicht von externen Akteuren in ihrer Sicherheitspolitik unter Druck setzen lassen.<\/p>\n\n\n\n<h3 class=\"wp-block-heading\">Die Situation der Ukraine<\/h3>\n\n\n\n<p>Abschlie\u00dfend spricht Lange \u00fcber die Situation der Ukraine und deren F\u00e4higkeit, unter den aktuellen Umst\u00e4nden durchzuhalten. \u201eIch mache mir weniger Sorgen um die Ukraine als um uns selbst\u201c, sagt er und hebt hervor, dass die Ukraine pragmatisch und schlagkr\u00e4ftig ist. Die Ukraine f\u00fchrt derzeit sogar Gegenangriffe und zeigt, dass sie in der Lage ist, die Situation auf dem Schlachtfeld zu beeinflussen.<\/p>\n\n\n\n<h2 class=\"wp-block-heading\">Fazit<\/h2>\n\n\n\n<p>Das Gespr\u00e4ch mit Nico Lange verdeutlicht, dass Europa vor gro\u00dfen Herausforderungen steht, wenn es um die eigene Sicherheit geht. Die Ank\u00fcndigungen von Investitionen sind ein Schritt in die richtige Richtung, doch es bedarf konkreter Taten und einer klaren Strategie, um die Verteidigungsf\u00e4higkeit zu st\u00e4rken. Europa muss sich neu aufstellen und bereit sein, die Verantwortung f\u00fcr die eigene Sicherheit zu \u00fcbernehmen.<\/p>\n","protected":false},"excerpt":{"rendered":"<p>In einer Zeit, in der die sicherheitspolitischen Herausforderungen in Europa immer dr\u00e4ngender werden, ist es unerl\u00e4sslich, dass die Europ\u00e4er ihre Verteidigung selbst in die Hand nehmen. Milit\u00e4rexperte Nico Lange, Senior Fellow bei der M\u00fcnchner Sicherheitskonferenz, teilt seine Einsch\u00e4tzungen zu den aktuellen Entwicklungen und den notwendigen Schritten, die Europa unternehmen muss, um seine Sicherheit zu gew\u00e4hrleisten. Der Hebel wird umgelegt? Die Diskussion dar\u00fcber, wie Europa seine Sicherheit verbessern kann, hat in den letzten Jahren an Fahrt gewonnen. Lange betont, dass es zwar positive Signale gibt, jedoch zun\u00e4chst nur auf dem Papier stehen. \u201ePapier ist geduldig\u201c, sagt er und \u00e4u\u00dfert seine Skepsis,<\/p>\n","protected":false},"author":1,"featured_media":3788,"comment_status":"open","ping_status":"open","sticky":false,"template":"","format":"standard","meta":{"footnotes":""},"categories":[14,20,4],"tags":[],"class_list":["post-3748","post","type-post","status-publish","format-standard","has-post-thumbnail","hentry","category-europa","category-militaer","category-sicherheit"],"_links":{"self":[{"href":"https:\/\/agencyx.bplaced.net\/mhneo22\/wp-json\/wp\/v2\/posts\/3748","targetHints":{"allow":["GET"]}}],"collection":[{"href":"https:\/\/agencyx.bplaced.net\/mhneo22\/wp-json\/wp\/v2\/posts"}],"about":[{"href":"https:\/\/agencyx.bplaced.net\/mhneo22\/wp-json\/wp\/v2\/types\/post"}],"author":[{"embeddable":true,"href":"https:\/\/agencyx.bplaced.net\/mhneo22\/wp-json\/wp\/v2\/users\/1"}],"replies":[{"embeddable":true,"href":"https:\/\/agencyx.bplaced.net\/mhneo22\/wp-json\/wp\/v2\/comments?post=3748"}],"version-history":[{"count":1,"href":"https:\/\/agencyx.bplaced.net\/mhneo22\/wp-json\/wp\/v2\/posts\/3748\/revisions"}],"predecessor-version":[{"id":3749,"href":"https:\/\/agencyx.bplaced.net\/mhneo22\/wp-json\/wp\/v2\/posts\/3748\/revisions\/3749"}],"wp:featuredmedia":[{"embeddable":true,"href":"https:\/\/agencyx.bplaced.net\/mhneo22\/wp-json\/wp\/v2\/media\/3788"}],"wp:attachment":[{"href":"https:\/\/agencyx.bplaced.net\/mhneo22\/wp-json\/wp\/v2\/media?parent=3748"}],"wp:term":[{"taxonomy":"category","embeddable":true,"href":"https:\/\/agencyx.bplaced.net\/mhneo22\/wp-json\/wp\/v2\/categories?post=3748"},{"taxonomy":"post_tag","embeddable":true,"href":"https:\/\/agencyx.bplaced.net\/mhneo22\/wp-json\/wp\/v2\/tags?post=3748"}],"curies":[{"name":"wp","href":"https:\/\/api.w.org\/{rel}","templated":true}]}}