{"id":3469,"date":"2025-02-13T15:59:21","date_gmt":"2025-02-13T14:59:21","guid":{"rendered":"https:\/\/agencyx.bplaced.net\/mhneo22\/?p=3469"},"modified":"2025-02-12T07:49:23","modified_gmt":"2025-02-12T06:49:23","slug":"das-wahlprogramm-der-linken-ein-blick-auf-die-zukunft","status":"publish","type":"post","link":"https:\/\/agencyx.bplaced.net\/mhneo22\/2025\/02\/13\/das-wahlprogramm-der-linken-ein-blick-auf-die-zukunft\/","title":{"rendered":"Das Wahlprogramm der Linken: Ein Blick auf die Zukunft"},"content":{"rendered":"\n<figure class=\"wp-block-image size-large\"><img loading=\"lazy\" decoding=\"async\" width=\"225\" height=\"60\" src=\"https:\/\/agencyx.bplaced.net\/mhneo22\/wp-content\/uploads\/2025\/01\/ki-information_20250104_192532_00007216048001557528935.png\" alt=\"\" class=\"wp-image-3155\"\/><\/figure>\n\n\n\n<p>Die Linke will bei der Bundestagswahl 2025 nicht nur in den Bundestag einziehen, sondern auch Regierungsverantwortung \u00fcbernehmen. In diesem Blogbeitrag werfen wir einen detaillierten Blick auf das Wahlprogramm der Partei und die zentralen Punkte, die sie f\u00fcr eine gerechtere Gesellschaft vorschl\u00e4gt.<\/p>\n\n\n\n<h2 class=\"wp-block-heading\">Einf\u00fchrung in die Linke<\/h2>\n\n\n\n<p>Die Linke ist mehr als nur eine politische Partei; sie ist ein Ausdruck des sozialen Wandels und des Strebens nach Gerechtigkeit. Gegr\u00fcndet aus der Fusion der PDS und der WASG, hat sich die Partei zum Ziel gesetzt, die Interessen derjenigen zu vertreten, die in der Gesellschaft oft \u00fcbersehen werden. Ihre Vision ist klar: eine gerechtere, solidarischere Gesellschaft f\u00fcr alle.<\/p>\n\n\n\n<h3 class=\"wp-block-heading\">Die Geschichte der Linken<\/h3>\n\n\n\n<p>Die Wurzeln der Linken reichen zur\u00fcck in die Zeit vor der Wiedervereinigung Deutschlands. Die PDS, die aus der SED hervorging, und die WASG, die als Protestbewegung gegen die Sozialpolitik der SPD entstand, vereinten sich 2007, um eine starke Stimme f\u00fcr soziale Gerechtigkeit zu bilden. Diese Vereinigung war nicht nur eine politische Notwendigkeit, sondern auch ein Zeichen der Hoffnung f\u00fcr viele B\u00fcrgerinnen und B\u00fcrger, die sich nach einer gerechteren Gesellschaft sehnten.<\/p>\n\n\n\n<h3 class=\"wp-block-heading\">Das Grundsatzprogramm der Linken<\/h3>\n\n\n\n<p>Im Grundsatzprogramm der Linken wird klar definiert, wof\u00fcr die Partei steht. Der demokratische Sozialismus bildet das Fundament ihrer politischen Agenda. Ziel ist es, ein System zu schaffen, das die Bed\u00fcrfnisse der Menschen in den Mittelpunkt stellt und nicht die Profitinteressen von Unternehmen. Die Linke fordert eine Politik, die auf sozialer Gerechtigkeit, Gleichheit und Nachhaltigkeit basiert.<\/p>\n\n\n\n<h3 class=\"wp-block-heading\">Innenpolitik: Steuerreformen und soziale Gerechtigkeit<\/h3>\n\n\n\n<p>Ein zentrales Anliegen der Linken ist die Schaffung von sozialer Gerechtigkeit durch gerechte Steuerreformen. Die Partei fordert eine h\u00f6here Besteuerung von Einkommen \u00fcber 85.000 Euro. Diese zus\u00e4tzlichen Einnahmen sollen zur Entlastung von Menschen mit niedrigen und mittleren Einkommen verwendet werden. Die Linke setzt sich daf\u00fcr ein, dass alle Menschen von den Fr\u00fcchten des Wirtschaftswachstums profitieren, nicht nur die Reichen.<\/p>\n\n\n\n<ul class=\"wp-block-list\">\n<li>Steuers\u00e4tze: 53% f\u00fcr Einkommen \u00fcber 85.000 Euro, 60% f\u00fcr \u00fcber 250.000 Euro, 75% f\u00fcr \u00fcber 1 Million Euro.<\/li>\n\n\n\n<li>Wiederherstellung der Verm\u00f6gensteuer und der Kapitalertragssteuer.<\/li>\n\n\n\n<li>Streichung der Mehrwertsteuer auf Grundnahrungsmittel und Hygieneprodukte.<\/li>\n<\/ul>\n\n\n\n<p>Die Linke betont auch die Notwendigkeit eines bundesweiten Mietendeckels. Ziel ist es, die Mietpreise zu stabilisieren und den Zugang zu Wohnraum f\u00fcr alle zu gew\u00e4hrleisten. Dies ist besonders wichtig in Zeiten, in denen viele Menschen unter steigenden Mietkosten leiden.<\/p>\n\n\n\n<h3 class=\"wp-block-heading\">Wirtschaftspolitik: Unternehmen und Klima<\/h3>\n\n\n\n<p>Die Linke sieht in der Wirtschaftspolitik einen Schl\u00fcssel zur Schaffung einer nachhaltigen Zukunft. Ihre Forderungen beinhalten eine Erh\u00f6hung der K\u00f6rperschaftssteuer auf 25% sowie eine \u00dcberarbeitung der Gewerbesteuer. Diese Ma\u00dfnahmen sollen sicherstellen, dass Unternehmen ihren fairen Anteil zur Finanzierung \u00f6ffentlicher Dienstleistungen beitragen.<\/p>\n\n\n\n<ul class=\"wp-block-list\">\n<li>Investitionen in klimafreundliche Technologien und Innovationen.<\/li>\n\n\n\n<li>Einrichtung eines Investitionsfonds in H\u00f6he von 200 Milliarden Euro f\u00fcr den Umbau der Industrie.<\/li>\n\n\n\n<li>Verpflichtungen f\u00fcr Unternehmen, den Standort und Arbeitspl\u00e4tze langfristig zu erhalten.<\/li>\n<\/ul>\n\n\n\n<p>Die Linke setzt sich f\u00fcr eine klimagerechte Wirtschaft ein. Dies bedeutet, dass Umweltschutz und soziale Gerechtigkeit Hand in Hand gehen m\u00fcssen. Die Partei fordert Ma\u00dfnahmen, die sicherstellen, dass der \u00dcbergang zu einer nachhaltigen Wirtschaft nicht auf dem R\u00fccken der sozial Schw\u00e4cheren ausgetragen wird.<\/p>\n\n\n\n<h2 class=\"wp-block-heading\">Migration: Ein neuer Ansatz<\/h2>\n\n\n\n<p>Die Linke verfolgt einen progressiven Ansatz in der Migrationspolitik, der auf Menschlichkeit und Integration setzt. W\u00e4hrend andere Parteien oft auf Restriktionen und Abschiebungen setzen, pl\u00e4diert die Linke f\u00fcr eine Willkommenskultur.<\/p>\n\n\n\n<ul class=\"wp-block-list\">\n<li>Uneingeschr\u00e4nkte Arbeitserlaubnis f\u00fcr Fl\u00fcchtlinge ab dem ersten Tag.<\/li>\n\n\n\n<li>Beendigung aller Abschiebungen.<\/li>\n\n\n\n<li>Einrichtung eines Bundesministeriums f\u00fcr Migration und Partizipation.<\/li>\n<\/ul>\n\n\n\n<p>Ein zentrales Anliegen ist die Vereinfachung des Visumprozesses, insbesondere f\u00fcr Arbeitsmigranten. Die Linke m\u00f6chte, dass alle Kinder, die in Deutschland geboren werden, automatisch die deutsche Staatsb\u00fcrgerschaft erhalten.<\/p>\n\n\n\n<h2 class=\"wp-block-heading\">Au\u00dfenpolitik: Frieden und Abr\u00fcstung<\/h2>\n\n\n\n<p>In der Au\u00dfenpolitik fordert die Linke eine Abkehr von Militarisierung und R\u00fcstungswettl\u00e4ufen. Stattdessen setzt die Partei auf Diplomatie und Friedensinitiativen.<\/p>\n\n\n\n<ul class=\"wp-block-list\">\n<li>Stoppen der Militarisierung Europas.<\/li>\n\n\n\n<li>Verbot von R\u00fcstungsexporten aus Deutschland.<\/li>\n\n\n\n<li>Keine Eins\u00e4tze der Bundeswehr im Ausland.<\/li>\n<\/ul>\n\n\n\n<p>Die Linke verurteilt den Krieg Russlands gegen die Ukraine, fordert jedoch eine Friedensinitiative, die auf Verhandlungen und Zusammenarbeit mit anderen L\u00e4ndern abzielt. Sanktionen sollen gezielt und nicht pauschal sein, um die Zivilbev\u00f6lkerung nicht zu belasten.<\/p>\n\n\n\n<h2 class=\"wp-block-heading\">Die Rolle der Linken in der n\u00e4chsten Legislaturperiode<\/h2>\n\n\n\n<p>Die Linke sieht sich als unverzichtbaren Partner in der kommenden Legislaturperiode. Mit ihren klaren Positionen zu sozialen Themen und der Au\u00dfenpolitik m\u00f6chte sie Einfluss auf die Regierungsbildung nehmen.<\/p>\n\n\n\n<ul class=\"wp-block-list\">\n<li>St\u00e4rkung der sozialen Gerechtigkeit durch progressive Steuerreformen.<\/li>\n\n\n\n<li>F\u00f6rderung von Frieden und Abr\u00fcstung in der internationalen Politik.<\/li>\n\n\n\n<li>Integration und Unterst\u00fctzung von Migranten in der Gesellschaft.<\/li>\n<\/ul>\n\n\n\n<p>Die Linke plant, eine klare Stimme gegen soziale Ungleichheit zu sein und sich f\u00fcr die Belange der Schw\u00e4cheren in der Gesellschaft einzusetzen.<\/p>\n\n\n\n<h2 class=\"wp-block-heading\">Wahlprogramme als Teil der Wahlwerbung<\/h2>\n\n\n\n<p>Wahlprogramme sind mehr als nur politische Versprechen; sie sind ein wichtiges Instrument der Wahlwerbung. Die Linke nutzt ihr Wahlprogramm, um ihre Vision einer gerechten Gesellschaft zu kommunizieren.<\/p>\n\n\n\n<ul class=\"wp-block-list\">\n<li>Transparente Kommunikation der politischen Ziele.<\/li>\n\n\n\n<li>Widerspruch zwischen Versprechen und tats\u00e4chlicher Umsetzung kritisch hinterfragen.<\/li>\n\n\n\n<li>Wahlprogramme als Grundlage f\u00fcr die politische Diskussion nutzen.<\/li>\n<\/ul>\n\n\n\n<p>Die Linke fordert von anderen Parteien, dass diese sich ebenfalls an ihren Wahlversprechen messen lassen. Die Glaubw\u00fcrdigkeit der politischen Akteure ist entscheidend f\u00fcr das Vertrauen der W\u00e4hler.<\/p>\n\n\n\n<h2 class=\"wp-block-heading\">Ausblick: Weitere Wahlprogramme<\/h2>\n\n\n\n<p>Die Linke ist sich bewusst, dass die Wahlprogramme der anderen Parteien ebenfalls bedeutend sind. Der Vergleich der Programme wird entscheidend sein, um die politische Landschaft zu verstehen.<\/p>\n\n\n\n<ul class=\"wp-block-list\">\n<li>Analyse der Wahlprogramme anderer Parteien.<\/li>\n\n\n\n<li>Identifikation von Gemeinsamkeiten und Unterschieden.<\/li>\n\n\n\n<li>Bewertung der Umsetzbarkeit der politischen Vorschl\u00e4ge.<\/li>\n<\/ul>\n\n\n\n<p>Die Linke wird weiterhin ihre Positionen klar kommunizieren und sich f\u00fcr eine gerechtere, solidarischere Gesellschaft einsetzen. Der Dialog mit den W\u00e4hlern wird entscheidend sein, um die eigenen Ziele zu erreichen.<\/p>\n","protected":false},"excerpt":{"rendered":"<p>Die Linke will bei der Bundestagswahl 2025 nicht nur in den Bundestag einziehen, sondern auch Regierungsverantwortung \u00fcbernehmen. In diesem Blogbeitrag werfen wir einen detaillierten Blick auf das Wahlprogramm der Partei und die zentralen Punkte, die sie f\u00fcr eine gerechtere Gesellschaft vorschl\u00e4gt. Einf\u00fchrung in die Linke Die Linke ist mehr als nur eine politische Partei; sie ist ein Ausdruck des sozialen Wandels und des Strebens nach Gerechtigkeit. Gegr\u00fcndet aus der Fusion der PDS und der WASG, hat sich die Partei zum Ziel gesetzt, die Interessen derjenigen zu vertreten, die in der Gesellschaft oft \u00fcbersehen werden. Ihre Vision ist klar: eine gerechtere,<\/p>\n","protected":false},"author":1,"featured_media":0,"comment_status":"open","ping_status":"open","sticky":false,"template":"","format":"standard","meta":{"footnotes":""},"categories":[844],"tags":[],"class_list":["post-3469","post","type-post","status-publish","format-standard","hentry","category-bundestagswahl-2025"],"_links":{"self":[{"href":"https:\/\/agencyx.bplaced.net\/mhneo22\/wp-json\/wp\/v2\/posts\/3469","targetHints":{"allow":["GET"]}}],"collection":[{"href":"https:\/\/agencyx.bplaced.net\/mhneo22\/wp-json\/wp\/v2\/posts"}],"about":[{"href":"https:\/\/agencyx.bplaced.net\/mhneo22\/wp-json\/wp\/v2\/types\/post"}],"author":[{"embeddable":true,"href":"https:\/\/agencyx.bplaced.net\/mhneo22\/wp-json\/wp\/v2\/users\/1"}],"replies":[{"embeddable":true,"href":"https:\/\/agencyx.bplaced.net\/mhneo22\/wp-json\/wp\/v2\/comments?post=3469"}],"version-history":[{"count":1,"href":"https:\/\/agencyx.bplaced.net\/mhneo22\/wp-json\/wp\/v2\/posts\/3469\/revisions"}],"predecessor-version":[{"id":3470,"href":"https:\/\/agencyx.bplaced.net\/mhneo22\/wp-json\/wp\/v2\/posts\/3469\/revisions\/3470"}],"wp:attachment":[{"href":"https:\/\/agencyx.bplaced.net\/mhneo22\/wp-json\/wp\/v2\/media?parent=3469"}],"wp:term":[{"taxonomy":"category","embeddable":true,"href":"https:\/\/agencyx.bplaced.net\/mhneo22\/wp-json\/wp\/v2\/categories?post=3469"},{"taxonomy":"post_tag","embeddable":true,"href":"https:\/\/agencyx.bplaced.net\/mhneo22\/wp-json\/wp\/v2\/tags?post=3469"}],"curies":[{"name":"wp","href":"https:\/\/api.w.org\/{rel}","templated":true}]}}