{"id":3432,"date":"2025-02-06T10:00:07","date_gmt":"2025-02-06T09:00:07","guid":{"rendered":"https:\/\/agencyx.bplaced.net\/mhneo22\/?p=3432"},"modified":"2025-02-05T18:02:12","modified_gmt":"2025-02-05T17:02:12","slug":"das-wahlprogramm-der-afd-ein-blick-auf-die-ziele-fuer-die-bundestagswahl-2025","status":"publish","type":"post","link":"https:\/\/agencyx.bplaced.net\/mhneo22\/2025\/02\/06\/das-wahlprogramm-der-afd-ein-blick-auf-die-ziele-fuer-die-bundestagswahl-2025\/","title":{"rendered":"Das Wahlprogramm der AfD: Ein Blick auf die Ziele f\u00fcr die Bundestagswahl 2025"},"content":{"rendered":"\n<figure class=\"wp-block-image size-large\"><img loading=\"lazy\" decoding=\"async\" width=\"225\" height=\"60\" src=\"https:\/\/agencyx.bplaced.net\/mhneo22\/wp-content\/uploads\/2025\/01\/ki-information_20250104_192532_00007216048001557528935.png\" alt=\"\" class=\"wp-image-3155\"\/><\/figure>\n\n\n\n<p>Die Alternative f\u00fcr Deutschland (AfD) hat sich seit ihrer Gr\u00fcndung 2013 als eine bedeutende politische Kraft in Deutschland etabliert. Mit Alice Weidel als Kanzlerkandidatin und einem klaren Wahlprogramm f\u00fcr die Bundestagswahl 2025 ist es an der Zeit, die zentralen Punkte und Forderungen der Partei zu beleuchten.<\/p>\n\n\n\n<h2 class=\"wp-block-heading\">Ergebnisse der letzten Wahlen und Aufstieg der AfD<\/h2>\n\n\n\n<p>Die AfD hat in den letzten Jahren bemerkenswerte Wahlergebnisse erzielt. Bei der Bundestagswahl 2021 erreichte sie 10,4 % der Stimmen und wurde damit die f\u00fcnftst\u00e4rkste Kraft im Bundestag. Doch dieser Erfolg war nur der Anfang. Bei der EU-Wahl 2024 konnte die AfD sogar als zweitst\u00e4rkste Kraft hervorgehen. Besonders bemerkenswert war der Sieg bei den Landtagswahlen in Th\u00fcringen, wo sie die erste Position einnahm.<\/p>\n\n\n\n<p>Diese Erfolge geben der AfD Hoffnung, bei zuk\u00fcnftigen Wahlen eine Regierungsf\u00fchrung zu \u00fcbernehmen, auch wenn die anderen gro\u00dfen Parteien eine Zusammenarbeit mit ihr ausschlie\u00dfen. Alice Weidel, als Kanzlerkandidatin, tritt an, um die politischen Ziele der Partei weiter voranzutreiben.<\/p>\n\n\n\n<h2 class=\"wp-block-heading\">Die Gr\u00fcndung und Entwicklung der AfD<\/h2>\n\n\n\n<p>Die Alternative f\u00fcr Deutschland (AfD) wurde 2013 gegr\u00fcndet, urspr\u00fcnglich als eurokritische Partei. Die ersten Wahlen, an denen sie teilnahm, waren die Bundestagswahlen 2013. Obwohl sie damals noch nicht ins Parlament einzog, konnte sie 2017 mit 12,6 % der Stimmen ein starkes Ergebnis erzielen.<\/p>\n\n\n\n<p>Im Laufe der Jahre hat sich die AfD inhaltlich und personell stark ver\u00e4ndert. Migration und nationale Identit\u00e4t sind heute zentrale Themen der Partei. Der Fokus hat sich zunehmend auf nationalkonservative Ansichten verschoben, und die AfD hat sich als feste Gr\u00f6\u00dfe in den ostdeutschen Bundesl\u00e4ndern etabliert.<\/p>\n\n\n\n<h2 class=\"wp-block-heading\">Kritik und Herausforderungen f\u00fcr die AfD<\/h2>\n\n\n\n<p>Trotz ihrer Erfolge sieht sich die AfD kontinuierlicher Kritik ausgesetzt. Der Vorwurf, eine rechtsextreme Partei zu sein, wird von verschiedenen politischen Gegnern erhoben. Das Bundesamt f\u00fcr Verfassungsschutz hat die Partei 2021 als Verdachtsfall eingestuft, was zu weiteren Diskussionen und rechtlichen Auseinandersetzungen gef\u00fchrt hat.<\/p>\n\n\n\n<p>Die AfD selbst weist diese Vorw\u00fcrfe zur\u00fcck und bezeichnet sie als politisch motiviert. Dennoch bleibt die Herausforderung, sich von extremistischen Str\u00f6mungen innerhalb der Partei zu distanzieren und das Vertrauen der W\u00e4hler zu gewinnen.<\/p>\n\n\n\n<h2 class=\"wp-block-heading\">Das Grundsatzprogramm der AfD<\/h2>\n\n\n\n<p>Das Grundsatzprogramm der AfD stammt aus dem Jahr 2016, hat aber nach wie vor gro\u00dfe Bedeutung. Es betont die Erhaltung der deutschen Kultur und Tradition sowie die Ablehnung des Multikulturalismus. Die AfD sieht sich als Verteidigerin der nationalen Identit\u00e4t und fordert eine klare Abgrenzung von anderen Kulturen.<\/p>\n\n\n\n<p>Ein zentraler Punkt im Programm ist die Forderung nach einem souver\u00e4nen Nationalstaat, in dem das deutsche Volk im Mittelpunkt steht. Diese Ansichten haben nicht nur die Parteibasis gest\u00e4rkt, sondern auch viele W\u00e4hler angesprochen, die sich Sorgen um die nationale Identit\u00e4t machen.<\/p>\n\n\n\n<h2 class=\"wp-block-heading\">Innenpolitik: Steuererleichterungen und soziale Verantwortung<\/h2>\n\n\n\n<p>In der Innenpolitik verspricht die AfD, die B\u00fcrger steuerlich zu entlasten. Ein h\u00f6herer Grundfreibetrag und eine Vereinfachung des Steuerrechts stehen im Vordergrund. Die Partei plant, die Steuers\u00e4tze zu senken und die Verm\u00f6gens- sowie Erbschaftssteuer abzuschaffen.<\/p>\n\n\n\n<ul class=\"wp-block-list\">\n<li>Die AfD fordert, Arbeitslose st\u00e4rker in die Pflicht zu nehmen.<\/li>\n\n\n\n<li>Familien mit Kindern sollen besonders gef\u00f6rdert werden.<\/li>\n\n\n\n<li>Ein Familiensplitting soll die Geburtenrate erh\u00f6hen.<\/li>\n<\/ul>\n\n\n\n<p>Diese Ma\u00dfnahmen sind Teil eines umfassenden Plans, der darauf abzielt, die soziale Verantwortung der B\u00fcrger zu st\u00e4rken und gleichzeitig die finanziellen Belastungen zu reduzieren.<\/p>\n\n\n\n<h2 class=\"wp-block-heading\">Wirtschaftspolitik: F\u00f6rderung der deutschen Industrie<\/h2>\n\n\n\n<p>Die AfD hat sich fest entschlossen, die deutsche Industrie an die Spitze der globalen Wettbewerbsf\u00e4higkeit zu bringen. Ein zentrales Ziel ist es, den Standort Deutschland f\u00fcr Unternehmen attraktiver zu gestalten und die Innovationskraft zu f\u00f6rdern.<\/p>\n\n\n\n<p>Die Partei plant, die B\u00fcrokratie abzubauen und steuerliche Erleichterungen f\u00fcr Unternehmen einzuf\u00fchren. Diese Ma\u00dfnahmen sollen insbesondere kleinen und mittelst\u00e4ndischen Unternehmen zugutekommen, die das R\u00fcckgrat der deutschen Wirtschaft bilden.<\/p>\n\n\n\n<ul class=\"wp-block-list\">\n<li>Steuersenkungen f\u00fcr Unternehmen.<\/li>\n\n\n\n<li>Abbau von b\u00fcrokratischen H\u00fcrden.<\/li>\n\n\n\n<li>F\u00f6rderung von Forschung und Entwicklung.<\/li>\n<\/ul>\n\n\n\n<p>Ein weiterer Schwerpunkt liegt auf der Automobilindustrie. Die AfD setzt sich f\u00fcr den Erhalt von Arbeitspl\u00e4tzen im Bereich der Verbrennungsmotoren ein. Sie sieht die Notwendigkeit, die deutsche Automobilproduktion zu unterst\u00fctzen, anstatt sich ausschlie\u00dflich auf Elektrofahrzeuge zu konzentrieren.<\/p>\n\n\n\n<p>Die Partei fordert zudem eine gezielte F\u00f6rderung fossiler Energietr\u00e4ger, um die Energiepreise f\u00fcr Unternehmen und Verbraucher niedrig zu halten. Dies soll auch durch eine Reparatur und Wiederinbetriebnahme von Kraftwerken sowie durch die Nutzung der Kernenergie geschehen.<\/p>\n\n\n\n<h2 class=\"wp-block-heading\">Klimapolitik: Skepsis gegen\u00fcber dem menschengemachten Klimawandel<\/h2>\n\n\n\n<p>Die AfD vertritt eine klare Skepsis gegen\u00fcber dem wissenschaftlichen Konsens zum menschengemachten Klimawandel. Sie sieht die derzeitigen Klimaschutzma\u00dfnahmen als \u00fcbertrieben und politisch motiviert an.<\/p>\n\n\n\n<p>Im Wahlprogramm wird betont, dass der erh\u00f6hte CO2-Aussto\u00df nicht sch\u00e4dlich sei, sondern vielmehr als Treiber f\u00fcr das Pflanzenwachstum fungiere. Diese Sichtweise f\u00fchrt zu einer Forderung nach einer grundlegenden \u00dcberpr\u00fcfung aller Klimaschutzprogramme.<\/p>\n\n\n\n<ul class=\"wp-block-list\">\n<li>Abschaffung des Pariser Klimaschutzabkommens.<\/li>\n\n\n\n<li>Stopp von Naturzerst\u00f6rungen durch Windkraftanlagen.<\/li>\n\n\n\n<li>\u00dcberpr\u00fcfung von Subventionen f\u00fcr erneuerbare Energien.<\/li>\n<\/ul>\n\n\n\n<p>Die AfD sieht in der F\u00f6rderung fossiler Energietr\u00e4ger einen Weg, die wirtschaftliche Stabilit\u00e4t zu sichern und gleichzeitig die Energiekosten f\u00fcr die B\u00fcrger zu senken.<\/p>\n\n\n\n<h2 class=\"wp-block-heading\">Migration: Remigration und versch\u00e4rfte Asylpolitik<\/h2>\n\n\n\n<p>Migration ist ein zentrales Thema im Wahlprogramm der AfD. Die Partei fordert eine drastische Reduzierung der Asylantr\u00e4ge und eine konsequente Remigration von Menschen, die keinen Anspruch auf Asyl haben.<\/p>\n\n\n\n<p>Ein wesentliches Ziel ist die Abschiebung aller Personen, deren urspr\u00fcnglicher Fluchtgrund weggefallen ist. Dies betrifft insbesondere Menschen aus Syrien, die nach Ansicht der AfD in vielen F\u00e4llen wieder in ihre Heimat zur\u00fcckkehren sollten.<\/p>\n\n\n\n<ul class=\"wp-block-list\">\n<li>Abschaffung der Ausbildungs- und Besch\u00e4ftigungsduldung.<\/li>\n\n\n\n<li>Festhaltung von Asylsuchenden an Grenz\u00fcberg\u00e4ngen.<\/li>\n\n\n\n<li>Reduzierung von Sozialleistungen f\u00fcr Asylbewerber.<\/li>\n<\/ul>\n\n\n\n<p>Die AfD setzt sich zudem f\u00fcr den Ausstieg aus internationalen Abkommen zur Migration ein, um die Kontrolle \u00fcber die Einwanderung zu st\u00e4rken. Ziel ist es, dass nur Fachkr\u00e4fte aus dem europ\u00e4ischen Ausland nach Deutschland kommen, w\u00e4hrend alle anderen M\u00f6glichkeiten der Einwanderung eingeschr\u00e4nkt werden sollen.<\/p>\n\n\n\n<h2 class=\"wp-block-heading\">Au\u00dfen- und Sicherheitspolitik: Beziehungen zur EU und Russland<\/h2>\n\n\n\n<p>In der Au\u00dfenpolitik fordert die AfD eine grundlegende Reform der Europ\u00e4ischen Union. Sie setzt sich f\u00fcr ein Europa der Vaterl\u00e4nder ein, in dem die Souver\u00e4nit\u00e4t der Mitgliedstaaten gewahrt bleibt.<\/p>\n\n\n\n<p>Die Partei lehnt zentrale Bestrebungen der EU ab und fordert eine R\u00fcckkehr zu nationalen Interessen. Ein zentrales Element ihrer Au\u00dfenpolitik ist die Ann\u00e4herung an Russland.<\/p>\n\n\n\n<ul class=\"wp-block-list\">\n<li>Aufhebung der Wirtschaftssanktionen gegen Russland.<\/li>\n\n\n\n<li>R\u00fcckkehr zu Energieimporten aus Russland.<\/li>\n\n\n\n<li>St\u00e4rkung der nationalen Verteidigungsf\u00e4higkeit.<\/li>\n<\/ul>\n\n\n\n<p>Die AfD sieht die NATO als wichtigen Bestandteil der deutschen Sicherheitsstrategie, fordert jedoch auch den Aufbau eines eigenst\u00e4ndigen europ\u00e4ischen Milit\u00e4rb\u00fcndnisses. In Bezug auf die Ukraine pl\u00e4diert die Partei f\u00fcr eine neutrale Stellung des Landes und eine Beendigung der milit\u00e4rischen Unterst\u00fctzung.<\/p>\n\n\n\n<h2 class=\"wp-block-heading\">Schlussfolgerungen und Ausblick<\/h2>\n\n\n\n<p>Die AfD hat sich als eine relevante politische Kraft in Deutschland etabliert und verfolgt mit ihrem Wahlprogramm klare und umstrittene Ziele. Die Themen Wirtschaft, Klima, Migration sowie Au\u00dfen- und Sicherheitspolitik stehen im Mittelpunkt ihrer Agenda.<\/p>\n\n\n\n<p>Der politische Diskurs wird weiterhin von Kontroversen gepr\u00e4gt sein, insbesondere in Bezug auf die Ansichten der AfD zu Migration und Klimaschutz. Die kommenden Wahlen werden entscheidend daf\u00fcr sein, ob die AfD ihre politischen Ziele umsetzen kann.<\/p>\n\n\n\n<p>Die W\u00e4hler werden gefordert sein, sich mit den Positionen der AfD auseinanderzusetzen und ihre Stimme in \u00dcbereinstimmung mit ihren eigenen \u00dcberzeugungen abzugeben. Die politische Landschaft in Deutschland wird sich in den kommenden Jahren weiter ver\u00e4ndern, und die AfD wird weiterhin eine zentrale Rolle spielen.<\/p>\n","protected":false},"excerpt":{"rendered":"<p>Die Alternative f\u00fcr Deutschland (AfD) hat sich seit ihrer Gr\u00fcndung 2013 als eine bedeutende politische Kraft in Deutschland etabliert. Mit Alice Weidel als Kanzlerkandidatin und einem klaren Wahlprogramm f\u00fcr die Bundestagswahl 2025 ist es an der Zeit, die zentralen Punkte und Forderungen der Partei zu beleuchten. Ergebnisse der letzten Wahlen und Aufstieg der AfD Die AfD hat in den letzten Jahren bemerkenswerte Wahlergebnisse erzielt. Bei der Bundestagswahl 2021 erreichte sie 10,4 % der Stimmen und wurde damit die f\u00fcnftst\u00e4rkste Kraft im Bundestag. Doch dieser Erfolg war nur der Anfang. Bei der EU-Wahl 2024 konnte die AfD sogar als zweitst\u00e4rkste Kraft<\/p>\n","protected":false},"author":1,"featured_media":0,"comment_status":"open","ping_status":"open","sticky":false,"template":"","format":"standard","meta":{"footnotes":""},"categories":[844],"tags":[],"class_list":["post-3432","post","type-post","status-publish","format-standard","hentry","category-bundestagswahl-2025"],"_links":{"self":[{"href":"https:\/\/agencyx.bplaced.net\/mhneo22\/wp-json\/wp\/v2\/posts\/3432","targetHints":{"allow":["GET"]}}],"collection":[{"href":"https:\/\/agencyx.bplaced.net\/mhneo22\/wp-json\/wp\/v2\/posts"}],"about":[{"href":"https:\/\/agencyx.bplaced.net\/mhneo22\/wp-json\/wp\/v2\/types\/post"}],"author":[{"embeddable":true,"href":"https:\/\/agencyx.bplaced.net\/mhneo22\/wp-json\/wp\/v2\/users\/1"}],"replies":[{"embeddable":true,"href":"https:\/\/agencyx.bplaced.net\/mhneo22\/wp-json\/wp\/v2\/comments?post=3432"}],"version-history":[{"count":1,"href":"https:\/\/agencyx.bplaced.net\/mhneo22\/wp-json\/wp\/v2\/posts\/3432\/revisions"}],"predecessor-version":[{"id":3433,"href":"https:\/\/agencyx.bplaced.net\/mhneo22\/wp-json\/wp\/v2\/posts\/3432\/revisions\/3433"}],"wp:attachment":[{"href":"https:\/\/agencyx.bplaced.net\/mhneo22\/wp-json\/wp\/v2\/media?parent=3432"}],"wp:term":[{"taxonomy":"category","embeddable":true,"href":"https:\/\/agencyx.bplaced.net\/mhneo22\/wp-json\/wp\/v2\/categories?post=3432"},{"taxonomy":"post_tag","embeddable":true,"href":"https:\/\/agencyx.bplaced.net\/mhneo22\/wp-json\/wp\/v2\/tags?post=3432"}],"curies":[{"name":"wp","href":"https:\/\/api.w.org\/{rel}","templated":true}]}}