{"id":2989,"date":"2024-12-16T15:00:06","date_gmt":"2024-12-16T14:00:06","guid":{"rendered":"https:\/\/agencyx.bplaced.net\/mhneo22\/?p=2989"},"modified":"2024-12-11T18:15:09","modified_gmt":"2024-12-11T17:15:09","slug":"suedkorea-kaempft-um-seine-demokratie","status":"publish","type":"post","link":"https:\/\/agencyx.bplaced.net\/mhneo22\/2024\/12\/16\/suedkorea-kaempft-um-seine-demokratie\/","title":{"rendered":"S\u00fcdkorea k\u00e4mpft um seine Demokratie"},"content":{"rendered":"\n<p>Am 3. Dezember 2024 geschah etwas, das die Welt in Erstaunen versetzte. Pr\u00e4sident Yoon Suk-yeol erkl\u00e4rte in S\u00fcdkorea das Kriegsrecht. Bilder von mutigen B\u00fcrgern, die gegen Soldaten protestierten, verbreiteten sich rasch im Internet und zeigten die Angst und den Widerstand der Bev\u00f6lkerung gegen den potenziellen R\u00fcckfall in eine Diktatur. Diese Ereignisse werfen grundlegende Fragen \u00fcber die Stabilit\u00e4t der s\u00fcdkoreanischen Demokratie auf, die erst 1980 nach Jahren der Milit\u00e4rherrschaft zur\u00fcckgekehrt war.<\/p>\n\n\n\n<h2 class=\"wp-block-heading\">Der Schock des Kriegsrechts<\/h2>\n\n\n\n<p>Die Ank\u00fcndigung des Kriegsrechts kam \u00fcberraschend und l\u00f6ste landesweite Proteste aus. Tausende S\u00fcdkoreaner versammelten sich in den Stra\u00dfen, um gegen die autorit\u00e4ren Tendenzen ihrer Regierung zu demonstrieren. Die Menschen erinnerten sich an die dunkle Vergangenheit des Landes, als Milit\u00e4rdiktatoren wie Chun Doo-hwan und Park Chung-hee die Macht mit brutaler Gewalt ergriffen hatten. Diese Erinnerungen sind tief im kollektiven Ged\u00e4chtnis verwurzelt und sch\u00fcren \u00c4ngste vor einem \u00e4hnlichen Schicksal.<\/p>\n\n\n\n<h3 class=\"wp-block-heading\">Ein R\u00fcckblick auf die Diktatur<\/h3>\n\n\n\n<p>Die Geschichte S\u00fcdkoreas ist gepr\u00e4gt von milit\u00e4rischen Putschen und Diktaturen. Der erste erfolgreiche Putsch fand in den 1960er Jahren statt, als Park Chung-hee an die Macht kam. Er regierte fast zwei Jahrzehnte und wurde 1979 von seinem eigenen Geheimdienstchef ermordet. Die R\u00fcckkehr zur Demokratie wurde erst 1980 durch massive Proteste gegen Chun Doo-hwan erm\u00f6glicht, der f\u00fcr einen gewaltsamen Aufstand in Gwangju verantwortlich war, bei dem viele Menschen ums Leben kamen.<\/p>\n\n\n\n<figure class=\"wp-block-embed is-type-video is-provider-youtube wp-block-embed-youtube wp-embed-aspect-16-9 wp-has-aspect-ratio\"><div class=\"wp-block-embed__wrapper\">\n<iframe loading=\"lazy\" title=\"S\u00fcdkorea k\u00e4mpft um seine Demokratie | DW Deutsch\" width=\"1080\" height=\"608\" src=\"https:\/\/www.youtube.com\/embed\/loA8CYXn9vs?feature=oembed\" frameborder=\"0\" allow=\"accelerometer; autoplay; clipboard-write; encrypted-media; gyroscope; picture-in-picture; web-share\" referrerpolicy=\"strict-origin-when-cross-origin\" allowfullscreen><\/iframe>\n<\/div><\/figure>\n\n\n\n<h2 class=\"wp-block-heading\">Die Rolle von Pr\u00e4sident Yoon<\/h2>\n\n\n\n<p>Yoon Suk-yeol, der als Staatsanwalt eine Schl\u00fcsselrolle bei der Verurteilung von Park Geun-hye, der Tochter des Diktators Park Chung-hee, spielte, wurde 2022 zum Pr\u00e4sidenten gew\u00e4hlt. Seine Wahl wurde als Zeichen f\u00fcr den Fortschritt der s\u00fcdkoreanischen Demokratie angesehen. Doch sein Versuch, die demokratische Ordnung zu untergraben, hat viele \u00fcberrascht und ersch\u00fcttert.<\/p>\n\n\n\n<h3 class=\"wp-block-heading\">Die Reaktion der Bev\u00f6lkerung<\/h3>\n\n\n\n<p>Die \u00f6ffentliche Reaktion auf die Erkl\u00e4rung des Kriegsrechts war \u00fcberw\u00e4ltigend. Menschen aus allen Lebensbereichen gingen auf die Stra\u00dfen, um gegen Yoons autorit\u00e4re Ma\u00dfnahmen zu protestieren. Diese Demonstrationen zeigen, dass die B\u00fcrger bereit sind, f\u00fcr ihre demokratischen Rechte zu k\u00e4mpfen. Die Erinnerung an die Diktatur und die damit verbundenen Traumata sind nach wie vor pr\u00e4sent und motivieren die Menschen, sich gegen die Wiederholung der Geschichte zu wehren.<\/p>\n\n\n\n<h2 class=\"wp-block-heading\">Die internationale Reaktion<\/h2>\n\n\n\n<p>Die internationale Gemeinschaft reagierte ebenfalls mit Besorgnis auf die Entwicklungen in S\u00fcdkorea. Staats- und Regierungschefs weltweit \u00e4u\u00dferten ihre Verwunderung \u00fcber den Versuch, die Demokratie zu untergraben. Die Ereignisse in S\u00fcdkorea k\u00f6nnten nicht nur die nationale Stabilit\u00e4t gef\u00e4hrden, sondern auch Auswirkungen auf die geopolitische Lage in der Region haben, insbesondere in Bezug auf Nordkorea und die Beziehungen zu anderen L\u00e4ndern.<\/p>\n\n\n\n<h3 class=\"wp-block-heading\">Die Rolle der Medien<\/h3>\n\n\n\n<p>Die Medien spielen eine entscheidende Rolle in dieser Krise. Unabh\u00e4ngige Berichterstattung und investigative Journalisten sind wichtig, um die Wahrheit ans Licht zu bringen und die Regierung zur Rechenschaft zu ziehen. Die Pressefreiheit, die in den letzten Jahrzehnten in S\u00fcdkorea erk\u00e4mpft wurde, steht auf dem Spiel. Die B\u00fcrger m\u00fcssen sich auf die Medien verlassen k\u00f6nnen, um informiert zu bleiben und ihre Stimme zu erheben.<\/p>\n\n\n\n<h2 class=\"wp-block-heading\">Die Zukunft der s\u00fcdkoreanischen Demokratie<\/h2>\n\n\n\n<p>Die Ereignisse vom 3. Dezember sind ein Weckruf f\u00fcr die s\u00fcdkoreanische Gesellschaft. Die Demokratie ist nicht garantiert und muss st\u00e4ndig verteidigt werden. Die B\u00fcrger m\u00fcssen wachsam bleiben und sich aktiv an politischen Prozessen beteiligen, um sicherzustellen, dass die Demokratie nicht erneut gef\u00e4hrdet wird. Die Herausforderungen sind gro\u00df, aber die Entschlossenheit der Menschen, f\u00fcr ihre Rechte zu k\u00e4mpfen, ist ein positives Zeichen.<\/p>\n\n\n\n<h3 class=\"wp-block-heading\">Schlussfolgerung<\/h3>\n\n\n\n<p>Die Situation in S\u00fcdkorea zeigt, dass autorit\u00e4re Tendenzen selbst in stabilen Demokratien auftreten k\u00f6nnen. Es ist wichtig, die Lehren aus der Geschichte zu ziehen und die Errungenschaften der Demokratie zu sch\u00e4tzen. Die s\u00fcdkoreanische Gesellschaft steht an einem Scheideweg, und die Entscheidungen, die jetzt getroffen werden, werden die Zukunft des Landes pr\u00e4gen. Es liegt an den B\u00fcrgern, ihre Stimme zu erheben und die Demokratie zu sch\u00fctzen.<\/p>\n","protected":false},"excerpt":{"rendered":"<p>Am 3. Dezember 2024 geschah etwas, das die Welt in Erstaunen versetzte. Pr\u00e4sident Yoon Suk-yeol erkl\u00e4rte in S\u00fcdkorea das Kriegsrecht. Bilder von mutigen B\u00fcrgern, die gegen Soldaten protestierten, verbreiteten sich rasch im Internet und zeigten die Angst und den Widerstand der Bev\u00f6lkerung gegen den potenziellen R\u00fcckfall in eine Diktatur. Diese Ereignisse werfen grundlegende Fragen \u00fcber die Stabilit\u00e4t der s\u00fcdkoreanischen Demokratie auf, die erst 1980 nach Jahren der Milit\u00e4rherrschaft zur\u00fcckgekehrt war. Der Schock des Kriegsrechts Die Ank\u00fcndigung des Kriegsrechts kam \u00fcberraschend und l\u00f6ste landesweite Proteste aus. Tausende S\u00fcdkoreaner versammelten sich in den Stra\u00dfen, um gegen die autorit\u00e4ren Tendenzen ihrer Regierung zu<\/p>\n","protected":false},"author":1,"featured_media":3018,"comment_status":"open","ping_status":"open","sticky":false,"template":"","format":"standard","meta":{"footnotes":""},"categories":[804],"tags":[],"class_list":["post-2989","post","type-post","status-publish","format-standard","has-post-thumbnail","hentry","category-suedkorea"],"_links":{"self":[{"href":"https:\/\/agencyx.bplaced.net\/mhneo22\/wp-json\/wp\/v2\/posts\/2989","targetHints":{"allow":["GET"]}}],"collection":[{"href":"https:\/\/agencyx.bplaced.net\/mhneo22\/wp-json\/wp\/v2\/posts"}],"about":[{"href":"https:\/\/agencyx.bplaced.net\/mhneo22\/wp-json\/wp\/v2\/types\/post"}],"author":[{"embeddable":true,"href":"https:\/\/agencyx.bplaced.net\/mhneo22\/wp-json\/wp\/v2\/users\/1"}],"replies":[{"embeddable":true,"href":"https:\/\/agencyx.bplaced.net\/mhneo22\/wp-json\/wp\/v2\/comments?post=2989"}],"version-history":[{"count":1,"href":"https:\/\/agencyx.bplaced.net\/mhneo22\/wp-json\/wp\/v2\/posts\/2989\/revisions"}],"predecessor-version":[{"id":2990,"href":"https:\/\/agencyx.bplaced.net\/mhneo22\/wp-json\/wp\/v2\/posts\/2989\/revisions\/2990"}],"wp:featuredmedia":[{"embeddable":true,"href":"https:\/\/agencyx.bplaced.net\/mhneo22\/wp-json\/wp\/v2\/media\/3018"}],"wp:attachment":[{"href":"https:\/\/agencyx.bplaced.net\/mhneo22\/wp-json\/wp\/v2\/media?parent=2989"}],"wp:term":[{"taxonomy":"category","embeddable":true,"href":"https:\/\/agencyx.bplaced.net\/mhneo22\/wp-json\/wp\/v2\/categories?post=2989"},{"taxonomy":"post_tag","embeddable":true,"href":"https:\/\/agencyx.bplaced.net\/mhneo22\/wp-json\/wp\/v2\/tags?post=2989"}],"curies":[{"name":"wp","href":"https:\/\/api.w.org\/{rel}","templated":true}]}}