{"id":2788,"date":"2024-11-23T09:00:03","date_gmt":"2024-11-23T08:00:03","guid":{"rendered":"https:\/\/agencyx.bplaced.net\/mhneo22\/?p=2788"},"modified":"2024-11-13T19:06:20","modified_gmt":"2024-11-13T18:06:20","slug":"unter-missbrauchsverdacht-warum-unsere-kinder-nicht-genug-geschuetzt-werden","status":"publish","type":"post","link":"https:\/\/agencyx.bplaced.net\/mhneo22\/2024\/11\/23\/unter-missbrauchsverdacht-warum-unsere-kinder-nicht-genug-geschuetzt-werden\/","title":{"rendered":"Unter Missbrauchsverdacht: Warum unsere Kinder nicht genug gesch\u00fctzt werden"},"content":{"rendered":"\n<p>Im deutschen Alltag gibt es viele Herausforderungen, die Eltern und die Gesellschaft im Allgemeinen betreffen. Eine der gravierendsten ist der Kindesmissbrauch. Der Fall eines Erziehers in Oberhaching, Bayern, wirft Fragen auf, die nicht nur lokal, sondern auch auf nationaler Ebene von Bedeutung sind.<\/p>\n\n\n\n<h2 class=\"wp-block-heading\">Der Fall des Erziehers in Oberhaching<\/h2>\n\n\n\n<p>Oberhaching gilt als familienfreundliche Gemeinde, doch ein Verdacht belastet das Bild: Ein Erzieher wird beschuldigt, Kinder in kommunalen Kitas und der katholischen Kirche sexuell missbraucht zu haben. Die Geschichten der Betroffenen sind ersch\u00fctternd und geben Einblick in die Angst und Verzweiflung, die sie erlebt haben.<\/p>\n\n\n\n<p>Ein Zeuge berichtet von einem Vorfall, bei dem er in eine Ecke gedr\u00e4ngt wurde, was ihm gro\u00dfe Angst einjagte. Solche Erfahrungen sind nicht isoliert; es gibt zahlreiche Anzeigen und Ermittlungsverfahren gegen den Erzieher, die \u00fcber Jahrzehnte hinweg immer wieder eingestellt wurden.<\/p>\n\n\n\n<h2 class=\"wp-block-heading\">Das System versagt<\/h2>\n\n\n\n<p>Der Fall ist symptomatisch f\u00fcr ein System, das Kinder nicht ausreichend sch\u00fctzt. Ein ehemaliger Staatsanwalt, Ulrike Stahlmann-Liebelt, \u00e4u\u00dfert Frustration dar\u00fcber, dass in Deutschland mehr Wissen dar\u00fcber vorhanden ist, welche Kriterien ein Auto erf\u00fcllen muss, als dar\u00fcber, wie man Kinder effektiv sch\u00fctzt.<\/p>\n\n\n\n<p>Die Verdachtsmeldungen wurden viel zu selten verfolgt. Der Erzieher, der die Vorw\u00fcrfe stets abstreitet, war \u00fcber Jahrzehnte in verschiedenen Einrichtungen t\u00e4tig. Die Gemeinde hielt trotz massiver Vorw\u00fcrfe an ihm fest, was Fragen zur Verantwortlichkeit aufwirft.<\/p>\n\n\n\n<h2 class=\"wp-block-heading\">\u00dcbergriffe und die Reaktionen der Gemeinde<\/h2>\n\n\n\n<p>Die Berichte \u00fcber \u00dcbergriffe sind alarmierend. Eine Mutter berichtet, dass ihr Sohn vom Erzieher in der Kita zum Pinkeln auf die Toilette begleitet wurde, obwohl er keine Hilfe ben\u00f6tigte. Solche Vorf\u00e4lle werfen ein Licht auf das Machtverh\u00e4ltnis zwischen Erziehern und den Kindern, die ihnen anvertraut sind.<\/p>\n\n\n\n<p>Die Reaktionen der Gemeinde auf die Verdachtsf\u00e4lle waren oft defensiv. Statt die Vorw\u00fcrfe ernst zu nehmen, wurden besorgte Eltern gewarnt, sie sollten vorsichtig sein, was sie sagen, um nicht in rechtliche Schwierigkeiten zu geraten. Diese Kultur des Schweigens und der Angst hat es dem Erzieher erm\u00f6glicht, weiterhin in seiner Position zu bleiben.<\/p>\n\n\n\n<figure class=\"wp-block-embed is-type-video is-provider-youtube wp-block-embed-youtube wp-embed-aspect-16-9 wp-has-aspect-ratio\"><div class=\"wp-block-embed__wrapper\">\n<iframe loading=\"lazy\" title=\"Unter Missbrauchsverdacht \u2013 Warum unsere Kinder nicht genug gesch\u00fctzt werden | WDR Doku\" width=\"1080\" height=\"608\" src=\"https:\/\/www.youtube.com\/embed\/gzQq0hPmEVQ?feature=oembed\" frameborder=\"0\" allow=\"accelerometer; autoplay; clipboard-write; encrypted-media; gyroscope; picture-in-picture; web-share\" referrerpolicy=\"strict-origin-when-cross-origin\" allowfullscreen><\/iframe>\n<\/div><\/figure>\n\n\n\n<h2 class=\"wp-block-heading\">Die Rolle der Beh\u00f6rden<\/h2>\n\n\n\n<p>Die Ermittlungsbeh\u00f6rden standen vor der Herausforderung, dass sexuelle \u00dcbergriffe schwer nachzuweisen sind. Ein hoher Prozentsatz der Ermittlungsverfahren wird eingestellt, oft aufgrund von Verj\u00e4hrung oder Mangel an Beweisen. Dies f\u00fchrt dazu, dass viele Opfer das Gef\u00fchl haben, ihre Stimmen werden nicht geh\u00f6rt.<\/p>\n\n\n\n<p>Die Missbrauchsbeauftragte der Bundesregierung fordert mehr Schulungen f\u00fcr Staatsanwaltschaften und Polizei, um das Bewusstsein f\u00fcr die Besonderheiten von Missbrauchsverfahren zu sch\u00e4rfen. Ein Kind, das \u00fcber Missbrauch berichten m\u00f6chte, ben\u00f6tigt eine sichere Umgebung, um offen sprechen zu k\u00f6nnen.<\/p>\n\n\n\n<h2 class=\"wp-block-heading\">Die Folgen f\u00fcr die Betroffenen<\/h2>\n\n\n\n<p>Die Auswirkungen auf die Betroffenen sind verheerend. Ein Junge, der in den 80er Jahren missbraucht wurde, berichtet von seinen traumatischen Erfahrungen. Auch wenn er heute dar\u00fcber sprechen kann, sind die Erinnerungen an den Missbrauch tief in ihm verwurzelt. Das zeigt, wie wichtig es ist, dass Kinder in einem sicheren Umfeld aufwachsen.<\/p>\n\n\n\n<p>Eine Mutter, deren Tochter von dem Erzieher betroffen war, beschreibt, wie sie die Ver\u00e4nderungen im Verhalten ihrer Tochter bemerkt hat. Es ist frustrierend, dass die Beh\u00f6rden oft nicht in der Lage sind, den Opfern gerecht zu werden und sie in ihrem Schmerz zu unterst\u00fctzen.<\/p>\n\n\n\n<h2 class=\"wp-block-heading\">Ein Aufruf zur Ver\u00e4nderung<\/h2>\n\n\n\n<p>Die Ereignisse in Oberhaching sind ein Weckruf f\u00fcr die Gesellschaft. Es ist an der Zeit, dass wir uns als Gemeinschaft f\u00fcr den Schutz der Kinder einsetzen. Die Schaffung von Schutzkonzepten in Kitas ist ein Schritt in die richtige Richtung, aber diese Konzepte m\u00fcssen auch gelebt werden.<\/p>\n\n\n\n<p>Die Gemeinde Oberhaching hat inzwischen ein Schutzkonzept eingef\u00fchrt, das Verhaltenskodizes und Notfallpl\u00e4ne umfasst. Doch der Mangel an Personal und das fehlende Bewusstsein f\u00fcr die Umsetzung dieser Konzepte erschweren die praktische Anwendung.<\/p>\n\n\n\n<h2 class=\"wp-block-heading\">Gesetzgebung und Zukunftsperspektiven<\/h2>\n\n\n\n<p>Die bayerische Landesregierung hat angek\u00fcndigt, ein neues Gesetz zur St\u00e4rkung der Strukturen gegen sexuellen Missbrauch auf den Weg zu bringen. Dies k\u00f6nnte eine wichtige Grundlage f\u00fcr eine bessere Pr\u00e4vention und Aufkl\u00e4rung bieten.<\/p>\n\n\n\n<p>Doch solange es an Fachkr\u00e4ften fehlt und die bestehenden Strukturen nicht ausreichend unterst\u00fctzt werden, bleibt die Frage, wie effektiv diese neuen Gesetze sein k\u00f6nnen. Es ist entscheidend, dass die Gesellschaft zusammenarbeitet, um sicherzustellen, dass Kinder in einem gesch\u00fctzten Umfeld aufwachsen k\u00f6nnen.<\/p>\n\n\n\n<h2 class=\"wp-block-heading\">Fazit<\/h2>\n\n\n\n<p>Die Vorf\u00e4lle in Oberhaching sind eine tragische Erinnerung daran, dass Kindesmissbrauch ein ernstzunehmendes Problem ist, das nicht ignoriert werden darf. Es liegt an uns allen, wachsam zu sein und aktiv f\u00fcr den Schutz unserer Kinder einzutreten. Nur gemeinsam k\u00f6nnen wir ein sicheres Umfeld schaffen, in dem Kinder gedeihen k\u00f6nnen, ohne Angst vor Missbrauch zu haben.<\/p>\n","protected":false},"excerpt":{"rendered":"<p>Im deutschen Alltag gibt es viele Herausforderungen, die Eltern und die Gesellschaft im Allgemeinen betreffen. Eine der gravierendsten ist der Kindesmissbrauch. Der Fall eines Erziehers in Oberhaching, Bayern, wirft Fragen auf, die nicht nur lokal, sondern auch auf nationaler Ebene von Bedeutung sind. Der Fall des Erziehers in Oberhaching Oberhaching gilt als familienfreundliche Gemeinde, doch ein Verdacht belastet das Bild: Ein Erzieher wird beschuldigt, Kinder in kommunalen Kitas und der katholischen Kirche sexuell missbraucht zu haben. Die Geschichten der Betroffenen sind ersch\u00fctternd und geben Einblick in die Angst und Verzweiflung, die sie erlebt haben. Ein Zeuge berichtet von einem Vorfall,<\/p>\n","protected":false},"author":1,"featured_media":0,"comment_status":"open","ping_status":"open","sticky":false,"template":"","format":"standard","meta":{"footnotes":""},"categories":[19],"tags":[],"class_list":["post-2788","post","type-post","status-publish","format-standard","hentry","category-leben"],"_links":{"self":[{"href":"https:\/\/agencyx.bplaced.net\/mhneo22\/wp-json\/wp\/v2\/posts\/2788","targetHints":{"allow":["GET"]}}],"collection":[{"href":"https:\/\/agencyx.bplaced.net\/mhneo22\/wp-json\/wp\/v2\/posts"}],"about":[{"href":"https:\/\/agencyx.bplaced.net\/mhneo22\/wp-json\/wp\/v2\/types\/post"}],"author":[{"embeddable":true,"href":"https:\/\/agencyx.bplaced.net\/mhneo22\/wp-json\/wp\/v2\/users\/1"}],"replies":[{"embeddable":true,"href":"https:\/\/agencyx.bplaced.net\/mhneo22\/wp-json\/wp\/v2\/comments?post=2788"}],"version-history":[{"count":1,"href":"https:\/\/agencyx.bplaced.net\/mhneo22\/wp-json\/wp\/v2\/posts\/2788\/revisions"}],"predecessor-version":[{"id":2789,"href":"https:\/\/agencyx.bplaced.net\/mhneo22\/wp-json\/wp\/v2\/posts\/2788\/revisions\/2789"}],"wp:attachment":[{"href":"https:\/\/agencyx.bplaced.net\/mhneo22\/wp-json\/wp\/v2\/media?parent=2788"}],"wp:term":[{"taxonomy":"category","embeddable":true,"href":"https:\/\/agencyx.bplaced.net\/mhneo22\/wp-json\/wp\/v2\/categories?post=2788"},{"taxonomy":"post_tag","embeddable":true,"href":"https:\/\/agencyx.bplaced.net\/mhneo22\/wp-json\/wp\/v2\/tags?post=2788"}],"curies":[{"name":"wp","href":"https:\/\/api.w.org\/{rel}","templated":true}]}}